{"id":7598,"date":"2010-11-22T14:14:29","date_gmt":"2010-11-22T12:14:29","guid":{"rendered":"https:\/\/www.traxco.es\/blog\/?p=7598"},"modified":"2025-12-19T07:50:19","modified_gmt":"2025-12-19T06:50:19","slug":"trigo-sin-gluten-para-celiacos","status":"publish","type":"post","link":"https:\/\/www.traxco.es\/blog\/noticias-agricolas\/trigo-sin-gluten-para-celiacos","title":{"rendered":"Trigo sin gluten para cel\u00edacos"},"content":{"rendered":"\t\t<div data-elementor-type=\"wp-post\" data-elementor-id=\"7598\" class=\"elementor elementor-7598\">\n\t\t\t\t\t\t<section class=\"elementor-section elementor-top-section elementor-element elementor-element-fbf2cc5 elementor-section-boxed elementor-section-height-default elementor-section-height-default\" data-id=\"fbf2cc5\" data-element_type=\"section\">\n\t\t\t\t\t\t<div class=\"elementor-container elementor-column-gap-default\">\n\t\t\t\t\t<div class=\"elementor-column elementor-col-100 elementor-top-column elementor-element elementor-element-4c52a7d4\" data-id=\"4c52a7d4\" data-element_type=\"column\">\n\t\t\t<div class=\"elementor-widget-wrap elementor-element-populated\">\n\t\t\t\t\t\t<div class=\"elementor-element elementor-element-68df8905 elementor-widget elementor-widget-text-editor\" data-id=\"68df8905\" data-element_type=\"widget\" data-widget_type=\"text-editor.default\">\n\t\t\t\t<div class=\"elementor-widget-container\">\n\t\t\t\t\t\t\t\t\t<p><img decoding=\"async\" class=\"alignright\" title=\"variedad de trigo sin gluten\" src=\"\/blog\/wp-content\/uploads\/2010\/11\/trigo-sin-gluten.png\" alt=\"campo de trigo duro harinero para cel\u00edacos\" width=\"380\"><\/p>\n<p>El gluten forma parte de una gran cantidad de cereales como el <strong>trigo<\/strong>, el centeno, la cebada, la avena o la espelta, entre otros. Representa el 80% del total de las prote\u00ednas del trigo y es el responsable de conseguir la elasticidad de la masa de harina y la consistencia esponjosa del pan.<\/p>\n<p>Pero no todas las personas toleran el <strong>gluten<\/strong>. En los pr\u00f3ximos a\u00f1os se prev\u00e9 que aumentar\u00e1 de forma considerable el n\u00famero de los casos de intolerancia al gluten (la celiaqu\u00eda). El consumo conlleva a estas personas malestar, indigesti\u00f3n, nauseas o indisposici\u00f3n gastrointestinal.<\/p>\n<p>Cient\u00edficos dentro del Instituto de Agricultura Sostenible de C\u00f3rdoba conjuntamente junto con la Universidad de Sevilla, han elaborado un estudio para eliminar las prote\u00ednas t\u00f3xicas del gluten de trigo mediante t\u00e9cnicas biotecnol\u00f3gicas y para obtener una variedad apta para el consumo de todos, un <em>trigo sin gluten<\/em>. El proyecto, consiste en neutralizar las prote\u00ednas responsables de desarrollar la enfermedad cel\u00edaca sin alterar o modificar las caracter\u00edsticas organol\u00e9pticas y nutricionales del <strong>trigo<\/strong>.<\/p>\n<h2>Producir un trigo sin gluten<\/h2>\n<p>El objetivo perseguido es producir un trigo que no contenga ni gliadinas ni gluteninas, las prote\u00ednas que conforman el <em>gluten<\/em>. Est\u00e1 comprobado que las gliadinas, sobre todo las alfa y gamma gliadinas, son un factor principal en la respuesta al\u00e9rgica de los consumidores intolerantes. Los resultados han permitido obtener una variedad de trigo duro harinero con una reducci\u00f3n del 95% en contenido de gliadinas t\u00f3xicas y las pruebas realizadas con linfocitos T extra\u00eddos de pacientes <strong>cel\u00edacos <\/strong>demuestran que no se llega a desencadenar ninguna respuesta inmune en ellos.<\/p>\n<p>Mediante m\u00e9todos biotecnol\u00f3gicos el equipo de investigaci\u00f3n ha silenciado los genes que codifican las gliadinas t\u00f3xicas, con capacidad para generar la enfermedad. Esta inhibici\u00f3n de los genes que sintetizan estas prote\u00ednas se traduce en una reducci\u00f3n muy importante de la toxicidad del cereal.<\/p>\n<p>La revista Proceedings of the National Academy of Sciences of the United States of America, a trav\u00e9s de la publicaci\u00f3n del estudio, da por confirmada la posibilidad de eliminar las prote\u00ednas t\u00f3xicas del <strong>gluten<\/strong>.<\/p>\n<p>La investigaci\u00f3n se ha completado con un an\u00e1lisis preliminar de calidad que estudia el comportamiento panadero del nuevo trigo, con el objetivo de comercializarlo en todas sus variantes posibles. Los resultados revelan que las harinas del <strong>trigo<\/strong> modificado conservan gran parte de sus propiedades. Por tanto, la <strong>nueva variedad de trigo sin gluten<\/strong> se puede emplear para la producci\u00f3n de alimentos aptos para cel\u00edacos.<\/p>\t\t\t\t\t\t\t\t<\/div>\n\t\t\t\t<\/div>\n\t\t\t\t\t<\/div>\n\t\t<\/div>\n\t\t\t\t\t<\/div>\n\t\t<\/section>\n\t\t\t\t<\/div>\n\t\t","protected":false},"excerpt":{"rendered":"<p> Investigaciones desarrolladas en territorio espa\u00f1ol han neutralizado las prote\u00ednas que componen el gluten del trigo, permitiendo producir trigo que es apto para consumidores cel\u00edacos. El gluten est\u00e1 en una gran cantidad de cereales: el trigo, el centeno, la cebada, la avena, la espelta&#8230;<\/p>\n","protected":false},"author":6,"featured_media":21235,"comment_status":"open","ping_status":"open","sticky":false,"template":"","format":"standard","meta":{"_s2mail":"yes","footnotes":""},"categories":[14],"tags":[508,716,187],"class_list":["post-7598","post","type-post","status-publish","format-standard","has-post-thumbnail","hentry","category-noticias-agricolas","tag-cebada","tag-gluten","tag-trigo"],"yoast_head":"<!-- This site is optimized with the Yoast SEO plugin v26.7 - https:\/\/yoast.com\/wordpress\/plugins\/seo\/ -->\n<title>Trigo sin gluten apto para cel\u00edacos - El trigo duro harinero<\/title>\n<meta name=\"description\" content=\"Investigadores espa\u00f1oles neutralizan las prote\u00ednas que conforman el gluten en el trigo, produciendo un trigo sin gluten apto para cel\u00edacos.\" \/>\n<meta name=\"robots\" content=\"index, follow, max-snippet:-1, max-image-preview:large, max-video-preview:-1\" \/>\n<link rel=\"canonical\" href=\"https:\/\/www.traxco.es\/blog\/noticias-agricolas\/trigo-sin-gluten-para-celiacos\" \/>\n<meta property=\"og:locale\" content=\"es_ES\" \/>\n<meta property=\"og:type\" content=\"article\" \/>\n<meta property=\"og:title\" content=\"Trigo sin gluten apto para cel\u00edacos - El trigo duro harinero\" \/>\n<meta property=\"og:description\" content=\"Investigadores espa\u00f1oles neutralizan las prote\u00ednas que conforman el gluten en el trigo, produciendo un trigo sin gluten apto para cel\u00edacos.\" \/>\n<meta property=\"og:url\" content=\"https:\/\/www.traxco.es\/blog\/noticias-agricolas\/trigo-sin-gluten-para-celiacos\" \/>\n<meta property=\"og:site_name\" content=\"El Blog de Traxco\" \/>\n<meta property=\"article:publisher\" content=\"https:\/\/www.facebook.com\/Traxco.Riego.Pivot\" \/>\n<meta property=\"article:published_time\" content=\"2010-11-22T12:14:29+00:00\" \/>\n<meta property=\"article:modified_time\" content=\"2025-12-19T06:50:19+00:00\" \/>\n<meta property=\"og:image\" content=\"https:\/\/www.traxco.es\/blog\/wp-content\/uploads\/2010\/11\/trigo-sin-gluten.png\" \/>\n\t<meta property=\"og:image:width\" content=\"300\" \/>\n\t<meta property=\"og:image:height\" content=\"300\" \/>\n\t<meta property=\"og:image:type\" content=\"image\/png\" \/>\n<meta name=\"author\" content=\"Cort\u00e9s\" \/>\n<meta name=\"twitter:card\" content=\"summary_large_image\" \/>\n<meta name=\"twitter:creator\" content=\"@traxco\" \/>\n<meta name=\"twitter:site\" content=\"@traxco\" \/>\n<meta name=\"twitter:label1\" content=\"Escrito por\" \/>\n\t<meta name=\"twitter:data1\" content=\"Cort\u00e9s\" \/>\n\t<meta name=\"twitter:label2\" content=\"Tiempo de lectura\" \/>\n\t<meta name=\"twitter:data2\" content=\"3 minutos\" \/>\n<!-- \/ Yoast SEO plugin. -->","yoast_head_json":{"title":"Trigo sin gluten apto para cel\u00edacos - El trigo duro harinero","description":"Investigadores espa\u00f1oles neutralizan las prote\u00ednas que conforman el gluten en el trigo, produciendo un trigo sin gluten apto para cel\u00edacos.","robots":{"index":"index","follow":"follow","max-snippet":"max-snippet:-1","max-image-preview":"max-image-preview:large","max-video-preview":"max-video-preview:-1"},"canonical":"https:\/\/www.traxco.es\/blog\/noticias-agricolas\/trigo-sin-gluten-para-celiacos","og_locale":"es_ES","og_type":"article","og_title":"Trigo sin gluten apto para cel\u00edacos - El trigo duro harinero","og_description":"Investigadores espa\u00f1oles neutralizan las prote\u00ednas que conforman el gluten en el trigo, produciendo un trigo sin gluten apto para cel\u00edacos.","og_url":"https:\/\/www.traxco.es\/blog\/noticias-agricolas\/trigo-sin-gluten-para-celiacos","og_site_name":"El Blog de Traxco","article_publisher":"https:\/\/www.facebook.com\/Traxco.Riego.Pivot","article_published_time":"2010-11-22T12:14:29+00:00","article_modified_time":"2025-12-19T06:50:19+00:00","og_image":[{"width":300,"height":300,"url":"https:\/\/www.traxco.es\/blog\/wp-content\/uploads\/2010\/11\/trigo-sin-gluten.png","type":"image\/png"}],"author":"Cort\u00e9s","twitter_card":"summary_large_image","twitter_creator":"@traxco","twitter_site":"@traxco","twitter_misc":{"Escrito por":"Cort\u00e9s","Tiempo de lectura":"3 minutos"},"schema":{"@context":"https:\/\/schema.org","@graph":[{"@type":"Article","@id":"https:\/\/www.traxco.es\/blog\/noticias-agricolas\/trigo-sin-gluten-para-celiacos#article","isPartOf":{"@id":"https:\/\/www.traxco.es\/blog\/noticias-agricolas\/trigo-sin-gluten-para-celiacos"},"author":{"name":"Cort\u00e9s","@id":"https:\/\/www.traxco.es\/blog\/#\/schema\/person\/877b26f904e3fc5d00613ca3aab84766"},"headline":"Trigo sin gluten para cel\u00edacos","datePublished":"2010-11-22T12:14:29+00:00","dateModified":"2025-12-19T06:50:19+00:00","mainEntityOfPage":{"@id":"https:\/\/www.traxco.es\/blog\/noticias-agricolas\/trigo-sin-gluten-para-celiacos"},"wordCount":442,"commentCount":3,"publisher":{"@id":"https:\/\/www.traxco.es\/blog\/#organization"},"image":{"@id":"https:\/\/www.traxco.es\/blog\/noticias-agricolas\/trigo-sin-gluten-para-celiacos#primaryimage"},"thumbnailUrl":"https:\/\/www.traxco.es\/blog\/wp-content\/uploads\/2010\/11\/trigo-sin-gluten.png","keywords":["cebada","gluten","trigo"],"articleSection":["Noticias agr\u00edcolas"],"inLanguage":"es","potentialAction":[{"@type":"CommentAction","name":"Comment","target":["https:\/\/www.traxco.es\/blog\/noticias-agricolas\/trigo-sin-gluten-para-celiacos#respond"]}]},{"@type":"WebPage","@id":"https:\/\/www.traxco.es\/blog\/noticias-agricolas\/trigo-sin-gluten-para-celiacos","url":"https:\/\/www.traxco.es\/blog\/noticias-agricolas\/trigo-sin-gluten-para-celiacos","name":"Trigo sin gluten apto para cel\u00edacos - El trigo duro harinero","isPartOf":{"@id":"https:\/\/www.traxco.es\/blog\/#website"},"primaryImageOfPage":{"@id":"https:\/\/www.traxco.es\/blog\/noticias-agricolas\/trigo-sin-gluten-para-celiacos#primaryimage"},"image":{"@id":"https:\/\/www.traxco.es\/blog\/noticias-agricolas\/trigo-sin-gluten-para-celiacos#primaryimage"},"thumbnailUrl":"https:\/\/www.traxco.es\/blog\/wp-content\/uploads\/2010\/11\/trigo-sin-gluten.png","datePublished":"2010-11-22T12:14:29+00:00","dateModified":"2025-12-19T06:50:19+00:00","description":"Investigadores espa\u00f1oles neutralizan las prote\u00ednas que conforman el gluten en el trigo, produciendo un trigo sin gluten apto para cel\u00edacos.","breadcrumb":{"@id":"https:\/\/www.traxco.es\/blog\/noticias-agricolas\/trigo-sin-gluten-para-celiacos#breadcrumb"},"inLanguage":"es","potentialAction":[{"@type":"ReadAction","target":["https:\/\/www.traxco.es\/blog\/noticias-agricolas\/trigo-sin-gluten-para-celiacos"]}]},{"@type":"ImageObject","inLanguage":"es","@id":"https:\/\/www.traxco.es\/blog\/noticias-agricolas\/trigo-sin-gluten-para-celiacos#primaryimage","url":"https:\/\/www.traxco.es\/blog\/wp-content\/uploads\/2010\/11\/trigo-sin-gluten.png","contentUrl":"https:\/\/www.traxco.es\/blog\/wp-content\/uploads\/2010\/11\/trigo-sin-gluten.png","width":300,"height":300,"caption":"campo de trigo duro harinero para cel\u00edacos"},{"@type":"BreadcrumbList","@id":"https:\/\/www.traxco.es\/blog\/noticias-agricolas\/trigo-sin-gluten-para-celiacos#breadcrumb","itemListElement":[{"@type":"ListItem","position":1,"name":"Inicio &gt; Blog","item":"https:\/\/www.traxco.es\/"},{"@type":"ListItem","position":2,"name":"Noticias agr\u00edcolas","item":"https:\/\/www.traxco.es\/blog\/categorias\/noticias-agricolas"},{"@type":"ListItem","position":3,"name":"Trigo sin gluten para cel\u00edacos"}]},{"@type":"WebSite","@id":"https:\/\/www.traxco.es\/blog\/#website","url":"https:\/\/www.traxco.es\/blog\/","name":"El Blog de Traxco","description":"Agricultura y Riego","publisher":{"@id":"https:\/\/www.traxco.es\/blog\/#organization"},"potentialAction":[{"@type":"SearchAction","target":{"@type":"EntryPoint","urlTemplate":"https:\/\/www.traxco.es\/blog\/?s={search_term_string}"},"query-input":{"@type":"PropertyValueSpecification","valueRequired":true,"valueName":"search_term_string"}}],"inLanguage":"es"},{"@type":"Organization","@id":"https:\/\/www.traxco.es\/blog\/#organization","name":"Traxco","url":"https:\/\/www.traxco.es\/blog\/","logo":{"@type":"ImageObject","inLanguage":"es","@id":"https:\/\/www.traxco.es\/blog\/#\/schema\/logo\/image\/","url":"https:\/\/www.traxco.es\/blog\/wp-content\/uploads\/2023\/06\/cropped-traxco.png","contentUrl":"https:\/\/www.traxco.es\/blog\/wp-content\/uploads\/2023\/06\/cropped-traxco.png","width":198,"height":39,"caption":"Traxco"},"image":{"@id":"https:\/\/www.traxco.es\/blog\/#\/schema\/logo\/image\/"},"sameAs":["https:\/\/www.facebook.com\/Traxco.Riego.Pivot","https:\/\/x.com\/traxco"]},{"@type":"Person","@id":"https:\/\/www.traxco.es\/blog\/#\/schema\/person\/877b26f904e3fc5d00613ca3aab84766","name":"Cort\u00e9s","image":{"@type":"ImageObject","inLanguage":"es","@id":"https:\/\/www.traxco.es\/blog\/#\/schema\/person\/image\/","url":"https:\/\/secure.gravatar.com\/avatar\/c9d679a5d81942e5b1e70bfc7bf0e776f9fb82137dab07df03453b2223263ccc?s=96&d=mm&r=g","contentUrl":"https:\/\/secure.gravatar.com\/avatar\/c9d679a5d81942e5b1e70bfc7bf0e776f9fb82137dab07df03453b2223263ccc?s=96&d=mm&r=g","caption":"Cort\u00e9s"},"description":"Experto en riego mecanizado, con una dilatada experiencia de m\u00e1s de 50 a\u00f1os en el sector. Su paso por Agrar le aport\u00f3 un amplio bagaje en toda la cadena de producci\u00f3n agr\u00edcola, (semillas, fertilizantes, riegos, maquinaria\u2026). Pionero en la introducci\u00f3n de Pivots de riego en Espa\u00f1a a trav\u00e9s de compa\u00f1\u00edas internacionales l\u00edderes como Valmont y Lockwood. Fund\u00f3 la empresa Traxco en 1991 para dar servicio en la distribuci\u00f3n de recambios y componentes originales para todos los fabricantes de Pivot, respaldando d\u00eda a d\u00eda en la instalaci\u00f3n y mantenimiento de estos y otros equipos de riego. Comprometido en concienciar y asesorar a los dem\u00e1s profesionales del sector, difundiendo las mejores pr\u00e1cticas y productos que ayuden a incrementar la rentabilidad de las explotaciones.","sameAs":["https:\/\/www.traxco.es\/"],"url":"https:\/\/www.traxco.es\/blog\/author\/cortes"}]}},"_links":{"self":[{"href":"https:\/\/www.traxco.es\/blog\/wp-json\/wp\/v2\/posts\/7598","targetHints":{"allow":["GET"]}}],"collection":[{"href":"https:\/\/www.traxco.es\/blog\/wp-json\/wp\/v2\/posts"}],"about":[{"href":"https:\/\/www.traxco.es\/blog\/wp-json\/wp\/v2\/types\/post"}],"author":[{"embeddable":true,"href":"https:\/\/www.traxco.es\/blog\/wp-json\/wp\/v2\/users\/6"}],"replies":[{"embeddable":true,"href":"https:\/\/www.traxco.es\/blog\/wp-json\/wp\/v2\/comments?post=7598"}],"version-history":[{"count":8,"href":"https:\/\/www.traxco.es\/blog\/wp-json\/wp\/v2\/posts\/7598\/revisions"}],"predecessor-version":[{"id":58099,"href":"https:\/\/www.traxco.es\/blog\/wp-json\/wp\/v2\/posts\/7598\/revisions\/58099"}],"wp:featuredmedia":[{"embeddable":true,"href":"https:\/\/www.traxco.es\/blog\/wp-json\/wp\/v2\/media\/21235"}],"wp:attachment":[{"href":"https:\/\/www.traxco.es\/blog\/wp-json\/wp\/v2\/media?parent=7598"}],"wp:term":[{"taxonomy":"category","embeddable":true,"href":"https:\/\/www.traxco.es\/blog\/wp-json\/wp\/v2\/categories?post=7598"},{"taxonomy":"post_tag","embeddable":true,"href":"https:\/\/www.traxco.es\/blog\/wp-json\/wp\/v2\/tags?post=7598"}],"curies":[{"name":"wp","href":"https:\/\/api.w.org\/{rel}","templated":true}]}}