{"id":64104,"date":"2025-07-30T10:10:00","date_gmt":"2025-07-30T08:10:00","guid":{"rendered":"https:\/\/www.traxco.es\/blog\/?p=64104"},"modified":"2025-12-19T07:59:52","modified_gmt":"2025-12-19T06:59:52","slug":"cultivo-de-olivos","status":"publish","type":"post","link":"https:\/\/www.traxco.es\/blog\/produccion-agricola\/cultivo-de-olivos","title":{"rendered":"Cultivo de olivos en super intensivo"},"content":{"rendered":"\t\t<div data-elementor-type=\"wp-post\" data-elementor-id=\"64104\" class=\"elementor elementor-64104\">\n\t\t\t\t\t\t<section class=\"elementor-section elementor-top-section elementor-element elementor-element-fdf739b elementor-section-boxed elementor-section-height-default elementor-section-height-default\" data-id=\"fdf739b\" data-element_type=\"section\">\n\t\t\t\t\t\t<div class=\"elementor-container elementor-column-gap-default\">\n\t\t\t\t\t<div class=\"elementor-column elementor-col-100 elementor-top-column elementor-element elementor-element-78fec82\" data-id=\"78fec82\" data-element_type=\"column\">\n\t\t\t<div class=\"elementor-widget-wrap elementor-element-populated\">\n\t\t\t\t\t\t<div class=\"elementor-element elementor-element-3eb5b08 elementor-widget elementor-widget-image\" data-id=\"3eb5b08\" data-element_type=\"widget\" data-widget_type=\"image.default\">\n\t\t\t\t<div class=\"elementor-widget-container\">\n\t\t\t\t\t\t\t\t\t\t\t\t\t\t\t<picture><source srcset=\"https:\/\/www.traxco.es\/blog\/wp-content\/uploads\/2025\/07\/cultivo-de-olivos-995x553.jpg.webp 995w, https:\/\/www.traxco.es\/blog\/wp-content\/uploads\/2025\/07\/cultivo-de-olivos-369x205.jpg.webp 369w, https:\/\/www.traxco.es\/blog\/wp-content\/uploads\/2025\/07\/cultivo-de-olivos-768x427.jpg.webp 768w, https:\/\/www.traxco.es\/blog\/wp-content\/uploads\/2025\/07\/cultivo-de-olivos-800x445.jpg.webp 800w, https:\/\/www.traxco.es\/blog\/wp-content\/uploads\/2025\/07\/cultivo-de-olivos.jpg.webp 1000w\" sizes=\"(max-width: 800px) 100vw, 800px\" type=\"image\/webp\"><img fetchpriority=\"high\" decoding=\"async\" width=\"800\" height=\"445\" src=\"https:\/\/www.traxco.es\/blog\/wp-content\/uploads\/2025\/07\/cultivo-de-olivos-995x553.jpg\" class=\"attachment-large size-large wp-image-64192 webpexpress-processed\" alt=\"cultivo de olivos\" srcset=\"https:\/\/www.traxco.es\/blog\/wp-content\/uploads\/2025\/07\/cultivo-de-olivos-995x553.jpg 995w, https:\/\/www.traxco.es\/blog\/wp-content\/uploads\/2025\/07\/cultivo-de-olivos-369x205.jpg 369w, https:\/\/www.traxco.es\/blog\/wp-content\/uploads\/2025\/07\/cultivo-de-olivos-768x427.jpg 768w, https:\/\/www.traxco.es\/blog\/wp-content\/uploads\/2025\/07\/cultivo-de-olivos-800x445.jpg 800w, https:\/\/www.traxco.es\/blog\/wp-content\/uploads\/2025\/07\/cultivo-de-olivos.jpg 1000w\" sizes=\"(max-width: 800px) 100vw, 800px\"><\/picture>\t\t\t\t\t\t\t\t\t\t\t\t\t\t\t<\/div>\n\t\t\t\t<\/div>\n\t\t\t\t\t<\/div>\n\t\t<\/div>\n\t\t\t\t\t<\/div>\n\t\t<\/section>\n\t\t\t\t<section class=\"elementor-section elementor-top-section elementor-element elementor-element-46ad0ee6 elementor-section-boxed elementor-section-height-default elementor-section-height-default\" data-id=\"46ad0ee6\" data-element_type=\"section\">\n\t\t\t\t\t\t<div class=\"elementor-container elementor-column-gap-default\">\n\t\t\t\t\t<div class=\"elementor-column elementor-col-100 elementor-top-column elementor-element elementor-element-6c15e076\" data-id=\"6c15e076\" data-element_type=\"column\">\n\t\t\t<div class=\"elementor-widget-wrap elementor-element-populated\">\n\t\t\t\t\t\t<div class=\"elementor-element elementor-element-139e11ef elementor-widget elementor-widget-text-editor\" data-id=\"139e11ef\" data-element_type=\"widget\" data-widget_type=\"text-editor.default\">\n\t\t\t\t<div class=\"elementor-widget-container\">\n\t\t\t\t\t\t\t\t\t<p><strong>El cultivo de olivos en super intensivo crece cada vez m\u00e1s<\/strong>. Es por ello que est\u00e1 siendo investigado por la Escuela Polit\u00e9cnica Superior de la Universidad de Zaragoza, en campos agr\u00edcolas de Huesca. Los investigadores est\u00e1n trabajando en el manejo de este cultivo, contando con cuatrocientos ejemplares de seis variedades comerciales diferentes de olivo plantadas en seto. Est\u00e1n elaborando diversos estudios sobre los distintos par\u00e1metros de producci\u00f3n, efectuando comparaciones con el modelo de producci\u00f3n de olivos plantados en vaso.\n\n<p>Han optado por variedades comerciales en lugar de por variedades aut\u00f3ctonas, por una cuesti\u00f3n de vigor.\n\n<p><strong>El modelo de cultivo de olivos en super intensivo se puso en pr\u00e1ctica hace ya unos 30 a\u00f1os<\/strong>. Esta forma de cultivar destaca por las siguientes ventajas: reducci\u00f3n de costes, mayor rendimiento de producci\u00f3n y menor necesidad de mano de obra, (una cuesti\u00f3n importante dada la dif\u00edcil situaci\u00f3n actual para encontrar trabajadores en el campo).\n\n<p>Esta modalidad de cultivo depende tambi\u00e9n en gran medida de las condiciones del terreno. En zonas con orograf\u00eda compleja, el modelo super intensivo no es la alternativa m\u00e1s adecuada.\n\n<h2>Cultivo de olivos con m\u00e1quinas cabalgantes<\/h2>\n<p>Este sistema de cultivo super intensivo plantado en seto permite acoger 2.000 \u00e1rboles por hect\u00e1rea, en lugar de los 300 que permite el cultivo tradicional, con el fin de poder cosechar con m\u00e1quinas cabalgantes. Se trata de m\u00e1quinas similares a las que se utilizan en la vendimia, con la diferencia de que las empleadas en el olivo se adaptan para alcanzar una mayor altura. Esta maquinaria es productiva durante cuatro o seis meses cada a\u00f1o, en lugar de serlo solamente duranta dos meses, como ocurre con el cultivo tradicional, mejorando as\u00ed su rendimiento.\n\n<p>El Banco de variedades de olivo de Huesca incluye un centenar de ejemplares de 50 variedades, entre ellas 32 propias de la provincia de Huesca. Este territorio, por su diversidad de ambientes, condiciones clim\u00e1ticas y alturas entre el Valle del Ebro y los Pirineos, cuenta con una gran diversidad de olivos: la Alquezerana o la Mocheta, (Somontano), la Royeta o la Gordera, (Abizanda), la Ra\u00f1inera, (localizada en Sobrarbe o Ribagorza), la Al\u00eda o la Alb\u00e1s, (de la zona oriental), la Royeta, (Asque), o el Olivonero, (Ayerbe y el Picudo de Ibieca). Estas variedades son algunas de las all\u00ed conservadas sobre las que se estudian sus caracter\u00edsticas agron\u00f3micas y sus posibilidades productivas.\n\n<p>La investigaci\u00f3n que est\u00e1 llevando a cabo este centro incluye la valorizaci\u00f3n de las oliveras del Alto Arag\u00f3n, monumentalidad, ADN, reproducci\u00f3n y calidad del aceite. En los \u00faltimos a\u00f1os han recibido aportaciones econ\u00f3micas para sus pr\u00e1cticas docentes y para sus investigaciones, de los Premios F\u00e9lix de Azara de la diputaci\u00f3n altoaragonesa.\n\n<h3>Datos de producci\u00f3n del olivar aragon\u00e9s<\/h3>\n<p>En el a\u00f1o 2023 el olivar aragon\u00e9s experiment\u00f3 una producci\u00f3n de 67,6 millones de kilos de olivas, en cerca de 52.000 hect\u00e1reas de superficie de cultivo. Esta nueva modalidad de plantaci\u00f3n va a contribuir a otro de los objetivos de la Escuela Polit\u00e9cnica Superior, que es el de ampliar la cultura de la oliva y del aceite.\t\t\t\t\t\t\t\t<\/div>\n\t\t\t\t<\/div>\n\t\t\t\t\t<\/div>\n\t\t<\/div>\n\t\t\t\t\t<\/div>\n\t\t<\/section>\n\t\t\t\t<\/div>\n\t\t","protected":false},"excerpt":{"rendered":"<p>El cultivo de olivos en super intensivo se puso en pr\u00e1ctica hace unos 30 a\u00f1os, destacando como ventajas: la reducci\u00f3n de costes, rendimientos de producci\u00f3n mayores, y una menor necesidad de mano de obra, (cuesti\u00f3n importante dada la dificultad actual para encontrar trabajadores en el campo).<\/p>\n","protected":false},"author":6,"featured_media":64191,"comment_status":"open","ping_status":"open","sticky":false,"template":"","format":"standard","meta":{"_s2mail":"yes","footnotes":""},"categories":[32],"tags":[186,447],"class_list":["post-64104","post","type-post","status-publish","format-standard","has-post-thumbnail","hentry","category-produccion-agricola","tag-cultivos","tag-olivo"],"yoast_head":"<!-- This site is optimized with the Yoast SEO plugin v26.7 - https:\/\/yoast.com\/wordpress\/plugins\/seo\/ -->\n<title>Cultivo de olivos en super intensivo - Comunidad de Arag\u00f3n<\/title>\n<meta name=\"description\" content=\"El cultivo de olivos en super intensivo destaca por: reducci\u00f3n de costes, mayores rendimientos productivos y menor necesidad de mano de obra\" \/>\n<meta name=\"robots\" content=\"index, follow, max-snippet:-1, max-image-preview:large, max-video-preview:-1\" \/>\n<link rel=\"canonical\" href=\"https:\/\/www.traxco.es\/blog\/produccion-agricola\/cultivo-de-olivos\" \/>\n<meta property=\"og:locale\" content=\"es_ES\" \/>\n<meta property=\"og:type\" content=\"article\" \/>\n<meta property=\"og:title\" content=\"Cultivo de olivos en super intensivo - Comunidad de Arag\u00f3n\" \/>\n<meta property=\"og:description\" content=\"El cultivo de olivos en super intensivo destaca por: reducci\u00f3n de costes, mayores rendimientos productivos y menor necesidad de mano de obra\" \/>\n<meta property=\"og:url\" content=\"https:\/\/www.traxco.es\/blog\/produccion-agricola\/cultivo-de-olivos\" \/>\n<meta property=\"og:site_name\" content=\"El Blog de Traxco\" \/>\n<meta property=\"article:publisher\" content=\"https:\/\/www.facebook.com\/Traxco.Riego.Pivot\" \/>\n<meta property=\"article:published_time\" content=\"2025-07-30T08:10:00+00:00\" \/>\n<meta property=\"article:modified_time\" content=\"2025-12-19T06:59:52+00:00\" \/>\n<meta property=\"og:image\" content=\"https:\/\/www.traxco.es\/blog\/wp-content\/uploads\/2025\/07\/cultivo-de-olivos-super-intensivo.jpg\" \/>\n\t<meta property=\"og:image:width\" content=\"380\" \/>\n\t<meta property=\"og:image:height\" content=\"380\" \/>\n\t<meta property=\"og:image:type\" content=\"image\/jpeg\" \/>\n<meta name=\"author\" content=\"Cort\u00e9s\" \/>\n<meta name=\"twitter:card\" content=\"summary_large_image\" \/>\n<meta name=\"twitter:creator\" content=\"@traxco\" \/>\n<meta name=\"twitter:site\" content=\"@traxco\" \/>\n<meta name=\"twitter:label1\" content=\"Escrito por\" \/>\n\t<meta name=\"twitter:data1\" content=\"Cort\u00e9s\" \/>\n\t<meta name=\"twitter:label2\" content=\"Tiempo de lectura\" \/>\n\t<meta name=\"twitter:data2\" content=\"3 minutos\" \/>\n<!-- \/ Yoast SEO plugin. -->","yoast_head_json":{"title":"Cultivo de olivos en super intensivo - Comunidad de Arag\u00f3n","description":"El cultivo de olivos en super intensivo destaca por: reducci\u00f3n de costes, mayores rendimientos productivos y menor necesidad de mano de obra","robots":{"index":"index","follow":"follow","max-snippet":"max-snippet:-1","max-image-preview":"max-image-preview:large","max-video-preview":"max-video-preview:-1"},"canonical":"https:\/\/www.traxco.es\/blog\/produccion-agricola\/cultivo-de-olivos","og_locale":"es_ES","og_type":"article","og_title":"Cultivo de olivos en super intensivo - Comunidad de Arag\u00f3n","og_description":"El cultivo de olivos en super intensivo destaca por: reducci\u00f3n de costes, mayores rendimientos productivos y menor necesidad de mano de obra","og_url":"https:\/\/www.traxco.es\/blog\/produccion-agricola\/cultivo-de-olivos","og_site_name":"El Blog de Traxco","article_publisher":"https:\/\/www.facebook.com\/Traxco.Riego.Pivot","article_published_time":"2025-07-30T08:10:00+00:00","article_modified_time":"2025-12-19T06:59:52+00:00","og_image":[{"width":380,"height":380,"url":"https:\/\/www.traxco.es\/blog\/wp-content\/uploads\/2025\/07\/cultivo-de-olivos-super-intensivo.jpg","type":"image\/jpeg"}],"author":"Cort\u00e9s","twitter_card":"summary_large_image","twitter_creator":"@traxco","twitter_site":"@traxco","twitter_misc":{"Escrito por":"Cort\u00e9s","Tiempo de lectura":"3 minutos"},"schema":{"@context":"https:\/\/schema.org","@graph":[{"@type":"Article","@id":"https:\/\/www.traxco.es\/blog\/produccion-agricola\/cultivo-de-olivos#article","isPartOf":{"@id":"https:\/\/www.traxco.es\/blog\/produccion-agricola\/cultivo-de-olivos"},"author":{"name":"Cort\u00e9s","@id":"https:\/\/www.traxco.es\/blog\/#\/schema\/person\/877b26f904e3fc5d00613ca3aab84766"},"headline":"Cultivo de olivos en super intensivo","datePublished":"2025-07-30T08:10:00+00:00","dateModified":"2025-12-19T06:59:52+00:00","mainEntityOfPage":{"@id":"https:\/\/www.traxco.es\/blog\/produccion-agricola\/cultivo-de-olivos"},"wordCount":549,"commentCount":0,"publisher":{"@id":"https:\/\/www.traxco.es\/blog\/#organization"},"image":{"@id":"https:\/\/www.traxco.es\/blog\/produccion-agricola\/cultivo-de-olivos#primaryimage"},"thumbnailUrl":"https:\/\/www.traxco.es\/blog\/wp-content\/uploads\/2025\/07\/cultivo-de-olivos-super-intensivo.jpg","keywords":["cultivos","olivo"],"articleSection":["Producci\u00f3n agr\u00edcola"],"inLanguage":"es","potentialAction":[{"@type":"CommentAction","name":"Comment","target":["https:\/\/www.traxco.es\/blog\/produccion-agricola\/cultivo-de-olivos#respond"]}]},{"@type":"WebPage","@id":"https:\/\/www.traxco.es\/blog\/produccion-agricola\/cultivo-de-olivos","url":"https:\/\/www.traxco.es\/blog\/produccion-agricola\/cultivo-de-olivos","name":"Cultivo de olivos en super intensivo - Comunidad de Arag\u00f3n","isPartOf":{"@id":"https:\/\/www.traxco.es\/blog\/#website"},"primaryImageOfPage":{"@id":"https:\/\/www.traxco.es\/blog\/produccion-agricola\/cultivo-de-olivos#primaryimage"},"image":{"@id":"https:\/\/www.traxco.es\/blog\/produccion-agricola\/cultivo-de-olivos#primaryimage"},"thumbnailUrl":"https:\/\/www.traxco.es\/blog\/wp-content\/uploads\/2025\/07\/cultivo-de-olivos-super-intensivo.jpg","datePublished":"2025-07-30T08:10:00+00:00","dateModified":"2025-12-19T06:59:52+00:00","description":"El cultivo de olivos en super intensivo destaca por: reducci\u00f3n de costes, mayores rendimientos productivos y menor necesidad de mano de obra","breadcrumb":{"@id":"https:\/\/www.traxco.es\/blog\/produccion-agricola\/cultivo-de-olivos#breadcrumb"},"inLanguage":"es","potentialAction":[{"@type":"ReadAction","target":["https:\/\/www.traxco.es\/blog\/produccion-agricola\/cultivo-de-olivos"]}]},{"@type":"ImageObject","inLanguage":"es","@id":"https:\/\/www.traxco.es\/blog\/produccion-agricola\/cultivo-de-olivos#primaryimage","url":"https:\/\/www.traxco.es\/blog\/wp-content\/uploads\/2025\/07\/cultivo-de-olivos-super-intensivo.jpg","contentUrl":"https:\/\/www.traxco.es\/blog\/wp-content\/uploads\/2025\/07\/cultivo-de-olivos-super-intensivo.jpg","width":380,"height":380,"caption":"cultivo de olivos super intensivo"},{"@type":"BreadcrumbList","@id":"https:\/\/www.traxco.es\/blog\/produccion-agricola\/cultivo-de-olivos#breadcrumb","itemListElement":[{"@type":"ListItem","position":1,"name":"Inicio &gt; Blog","item":"https:\/\/www.traxco.es\/"},{"@type":"ListItem","position":2,"name":"Producci\u00f3n agr\u00edcola","item":"https:\/\/www.traxco.es\/blog\/categorias\/produccion-agricola"},{"@type":"ListItem","position":3,"name":"Cultivo de olivos en super intensivo"}]},{"@type":"WebSite","@id":"https:\/\/www.traxco.es\/blog\/#website","url":"https:\/\/www.traxco.es\/blog\/","name":"El Blog de Traxco","description":"Agricultura y Riego","publisher":{"@id":"https:\/\/www.traxco.es\/blog\/#organization"},"potentialAction":[{"@type":"SearchAction","target":{"@type":"EntryPoint","urlTemplate":"https:\/\/www.traxco.es\/blog\/?s={search_term_string}"},"query-input":{"@type":"PropertyValueSpecification","valueRequired":true,"valueName":"search_term_string"}}],"inLanguage":"es"},{"@type":"Organization","@id":"https:\/\/www.traxco.es\/blog\/#organization","name":"Traxco","url":"https:\/\/www.traxco.es\/blog\/","logo":{"@type":"ImageObject","inLanguage":"es","@id":"https:\/\/www.traxco.es\/blog\/#\/schema\/logo\/image\/","url":"https:\/\/www.traxco.es\/blog\/wp-content\/uploads\/2023\/06\/cropped-traxco.png","contentUrl":"https:\/\/www.traxco.es\/blog\/wp-content\/uploads\/2023\/06\/cropped-traxco.png","width":198,"height":39,"caption":"Traxco"},"image":{"@id":"https:\/\/www.traxco.es\/blog\/#\/schema\/logo\/image\/"},"sameAs":["https:\/\/www.facebook.com\/Traxco.Riego.Pivot","https:\/\/x.com\/traxco"]},{"@type":"Person","@id":"https:\/\/www.traxco.es\/blog\/#\/schema\/person\/877b26f904e3fc5d00613ca3aab84766","name":"Cort\u00e9s","image":{"@type":"ImageObject","inLanguage":"es","@id":"https:\/\/www.traxco.es\/blog\/#\/schema\/person\/image\/","url":"https:\/\/secure.gravatar.com\/avatar\/c9d679a5d81942e5b1e70bfc7bf0e776f9fb82137dab07df03453b2223263ccc?s=96&d=mm&r=g","contentUrl":"https:\/\/secure.gravatar.com\/avatar\/c9d679a5d81942e5b1e70bfc7bf0e776f9fb82137dab07df03453b2223263ccc?s=96&d=mm&r=g","caption":"Cort\u00e9s"},"description":"Experto en riego mecanizado, con una dilatada experiencia de m\u00e1s de 50 a\u00f1os en el sector. Su paso por Agrar le aport\u00f3 un amplio bagaje en toda la cadena de producci\u00f3n agr\u00edcola, (semillas, fertilizantes, riegos, maquinaria\u2026). Pionero en la introducci\u00f3n de Pivots de riego en Espa\u00f1a a trav\u00e9s de compa\u00f1\u00edas internacionales l\u00edderes como Valmont y Lockwood. Fund\u00f3 la empresa Traxco en 1991 para dar servicio en la distribuci\u00f3n de recambios y componentes originales para todos los fabricantes de Pivot, respaldando d\u00eda a d\u00eda en la instalaci\u00f3n y mantenimiento de estos y otros equipos de riego. Comprometido en concienciar y asesorar a los dem\u00e1s profesionales del sector, difundiendo las mejores pr\u00e1cticas y productos que ayuden a incrementar la rentabilidad de las explotaciones.","sameAs":["https:\/\/www.traxco.es\/"],"url":"https:\/\/www.traxco.es\/blog\/author\/cortes"}]}},"_links":{"self":[{"href":"https:\/\/www.traxco.es\/blog\/wp-json\/wp\/v2\/posts\/64104","targetHints":{"allow":["GET"]}}],"collection":[{"href":"https:\/\/www.traxco.es\/blog\/wp-json\/wp\/v2\/posts"}],"about":[{"href":"https:\/\/www.traxco.es\/blog\/wp-json\/wp\/v2\/types\/post"}],"author":[{"embeddable":true,"href":"https:\/\/www.traxco.es\/blog\/wp-json\/wp\/v2\/users\/6"}],"replies":[{"embeddable":true,"href":"https:\/\/www.traxco.es\/blog\/wp-json\/wp\/v2\/comments?post=64104"}],"version-history":[{"count":19,"href":"https:\/\/www.traxco.es\/blog\/wp-json\/wp\/v2\/posts\/64104\/revisions"}],"predecessor-version":[{"id":64234,"href":"https:\/\/www.traxco.es\/blog\/wp-json\/wp\/v2\/posts\/64104\/revisions\/64234"}],"wp:featuredmedia":[{"embeddable":true,"href":"https:\/\/www.traxco.es\/blog\/wp-json\/wp\/v2\/media\/64191"}],"wp:attachment":[{"href":"https:\/\/www.traxco.es\/blog\/wp-json\/wp\/v2\/media?parent=64104"}],"wp:term":[{"taxonomy":"category","embeddable":true,"href":"https:\/\/www.traxco.es\/blog\/wp-json\/wp\/v2\/categories?post=64104"},{"taxonomy":"post_tag","embeddable":true,"href":"https:\/\/www.traxco.es\/blog\/wp-json\/wp\/v2\/tags?post=64104"}],"curies":[{"name":"wp","href":"https:\/\/api.w.org\/{rel}","templated":true}]}}