{"id":38450,"date":"2017-12-13T13:54:00","date_gmt":"2017-12-13T11:54:00","guid":{"rendered":"https:\/\/www.traxco.es\/blog\/?p=38450"},"modified":"2025-12-19T07:55:18","modified_gmt":"2025-12-19T06:55:18","slug":"agricultura-y-clima","status":"publish","type":"post","link":"https:\/\/www.traxco.es\/blog\/noticias-agricolas\/agricultura-y-clima","title":{"rendered":"Agricultura y clima"},"content":{"rendered":"<p><img decoding=\"async\" class=\"alignright\" title=\"relaci\u00f3n entre agricultura y clima\" src=\"\/blog\/wp-content\/uploads\/2017\/12\/agricultura-y-clima.jpg\" alt=\"agricultura y clima\" width=\"380\" \/><\/p>\n<p>\u00bfExiste alg\u00fan sector que dependa m\u00e1s del clima durante todo el a\u00f1o que la agricultura?<\/p>\n<h2>La estrecha relaci\u00f3n entre agricultura y clima<\/h2>\n<p><strong>Agricultura y clima<\/strong> est\u00e1n estrechamente ligados, puesto que los cultivos dependen directamente del viento, las temperaturas, las lluvias&#8230;<\/p>\n<p>La lluvia siempre es bienvenida y buena, excepto cuando el cultivo est\u00e1 mojado o cuando el heno ya se ha cortado y est\u00e1 esperando para ser apilado o empacado. Pocos agricultores se\u00a0quejar\u00e1n de un <em>exceso de lluvia<\/em>, ya que puede ser que deje de llover durante meses y <strong>sufrir a\u00f1os de sequ\u00eda<\/strong>.<\/p>\n<p>Incluso en las \u00e1reas donde hay disponibilidad de riego, la lluvia es el m\u00e9todo preferido de humedad para el cultivo, ya que cae uniformemente y resulta m\u00e1s beneficiosa para el suelo que una cantidad equivalente de agua de riego. En ese sentido, los <strong>sistemas de riego mediante Pivote central<\/strong> aplican el agua de la forma m\u00e1s parecida a la lluvia.<\/p>\n<p>La ciencia ha intentado <strong>hacer frente a la escasez de lluvia<\/strong> cre\u00e1ndola de forma artificial. En alg\u00fan momento y cuando las condiciones se han considerado adecuadas, incluso se ha esparcido yoduro de plata en el aire para intentar inducir la lluvia. Al margen de no ser beneficioso para el medio ambiente, no est\u00e1 muy clara la efectividad de esta t\u00e9cnica, puesto que se produjeron granizadas poco despu\u00e9s de aplicar el yoduro de plata y no se sabe si esto caus\u00f3 el granizo o si ayud\u00f3 a dividir el granizo en part\u00edculas m\u00e1s peque\u00f1as.<\/p>\n<p>Se pueden dar algunas dificultades cuando llueve. Por ejemplo, dependiendo del tipo de suelo, incluso un poco de lluvia puede hacer que un camino sea intransitable, o si el terreno es pesado puede retener la humedad durante d\u00edas y generar encharcamientos.<\/p>\n<p>Recientemente, <strong>la escasez de lluvia ha tra\u00eddo problemas y desaf\u00edos<\/strong>. Adem\u00e1s, en oto\u00f1o se est\u00e1n dando dosis demasiado elevadas de clima ventoso. La combinaci\u00f3n de estos dos factores (<strong>sequ\u00eda<\/strong> y viento) obliga a permanecer atentos para evitar posibles incendios y descuidos por comportamientos inapropiados. En zonas \u00e1ridas la humedad promedio anual es de 330 mil\u00edmetros, y estos niveles insuficientes no facilitan las labores en los cultivos. En estos casos se requiere de riego artificial.<\/p>\n<p>Adem\u00e1s de los desaf\u00edos a los que se enfrenta cualquier empresario, (pagar facturas, realizar inversiones&#8230;) los agricultores y ganaderos tienen que lidiar con esa estrecha relaci\u00f3n entre agricultura y clima. Las lluvias son muy err\u00e1ticas, habr\u00e1 a\u00f1os lluviosos y a\u00f1os con pocas precipitaciones y <strong>escasez de lluvia<\/strong>. La \u00fanica soluci\u00f3n para el agricultor es instalar los sistemas de riego y mejorar el suelo para aumentar la capacidad de almacenamiento del agua en la medida de lo posible, con t\u00e9cnicas de labranza m\u00ednima e incorporaci\u00f3n de materia org\u00e1nica y residuos de la cosecha anterior.<\/p>\n","protected":false},"excerpt":{"rendered":"<p>Las lluvias son muy err\u00e1ticas, algunos a\u00f1os son lluviosos y otros con pocas precipitaciones. La \u00fanica defensa del agricultor es mejorar el suelo para aumentar la capacidad de almacenamiento del agua con una serie de t\u00e9cnicas de labranza m\u00ednima y la incorporaci\u00f3n de materia org\u00e1nica.<\/p>\n","protected":false},"author":6,"featured_media":38626,"comment_status":"open","ping_status":"open","sticky":false,"template":"","format":"standard","meta":{"_s2mail":"yes","footnotes":""},"categories":[14],"tags":[387,385],"class_list":["post-38450","post","type-post","status-publish","format-standard","has-post-thumbnail","hentry","category-noticias-agricolas","tag-temperatura","tag-viento"],"yoast_head":"<!-- This site is optimized with the Yoast SEO plugin v26.7 - https:\/\/yoast.com\/wordpress\/plugins\/seo\/ -->\n<title>Agricultura y clima - Preocupaci\u00f3n por la escasez de lluvia<\/title>\n<meta name=\"description\" content=\"Agricultura y clima son conceptos muy relacionados. La escasez de lluvias, el viento, la sequ\u00eda... afecta a los agricultores y a sus cultivos.\" \/>\n<meta name=\"robots\" content=\"index, follow, max-snippet:-1, max-image-preview:large, max-video-preview:-1\" \/>\n<link rel=\"canonical\" href=\"https:\/\/www.traxco.es\/blog\/noticias-agricolas\/agricultura-y-clima\" \/>\n<meta property=\"og:locale\" content=\"es_ES\" \/>\n<meta property=\"og:type\" content=\"article\" \/>\n<meta property=\"og:title\" content=\"Agricultura y clima - Preocupaci\u00f3n por la escasez de lluvia\" \/>\n<meta property=\"og:description\" content=\"Agricultura y clima son conceptos muy relacionados. La escasez de lluvias, el viento, la sequ\u00eda... afecta a los agricultores y a sus cultivos.\" \/>\n<meta property=\"og:url\" content=\"https:\/\/www.traxco.es\/blog\/noticias-agricolas\/agricultura-y-clima\" \/>\n<meta property=\"og:site_name\" content=\"El Blog de Traxco\" \/>\n<meta property=\"article:publisher\" content=\"https:\/\/www.facebook.com\/Traxco.Riego.Pivot\" \/>\n<meta property=\"article:published_time\" content=\"2017-12-13T11:54:00+00:00\" \/>\n<meta property=\"article:modified_time\" content=\"2025-12-19T06:55:18+00:00\" \/>\n<meta property=\"og:image\" content=\"https:\/\/www.traxco.es\/blog\/wp-content\/uploads\/2017\/12\/agricultura-y-clima.jpg\" \/>\n\t<meta property=\"og:image:width\" content=\"300\" \/>\n\t<meta property=\"og:image:height\" content=\"300\" \/>\n\t<meta property=\"og:image:type\" content=\"image\/jpeg\" \/>\n<meta name=\"author\" content=\"Cort\u00e9s\" \/>\n<meta name=\"twitter:card\" content=\"summary_large_image\" \/>\n<meta name=\"twitter:creator\" content=\"@traxco\" \/>\n<meta name=\"twitter:site\" content=\"@traxco\" \/>\n<meta name=\"twitter:label1\" content=\"Escrito por\" \/>\n\t<meta name=\"twitter:data1\" content=\"Cort\u00e9s\" \/>\n\t<meta name=\"twitter:label2\" content=\"Tiempo de lectura\" \/>\n\t<meta name=\"twitter:data2\" content=\"3 minutos\" \/>\n<!-- \/ Yoast SEO plugin. -->","yoast_head_json":{"title":"Agricultura y clima - Preocupaci\u00f3n por la escasez de lluvia","description":"Agricultura y clima son conceptos muy relacionados. La escasez de lluvias, el viento, la sequ\u00eda... afecta a los agricultores y a sus cultivos.","robots":{"index":"index","follow":"follow","max-snippet":"max-snippet:-1","max-image-preview":"max-image-preview:large","max-video-preview":"max-video-preview:-1"},"canonical":"https:\/\/www.traxco.es\/blog\/noticias-agricolas\/agricultura-y-clima","og_locale":"es_ES","og_type":"article","og_title":"Agricultura y clima - Preocupaci\u00f3n por la escasez de lluvia","og_description":"Agricultura y clima son conceptos muy relacionados. La escasez de lluvias, el viento, la sequ\u00eda... afecta a los agricultores y a sus cultivos.","og_url":"https:\/\/www.traxco.es\/blog\/noticias-agricolas\/agricultura-y-clima","og_site_name":"El Blog de Traxco","article_publisher":"https:\/\/www.facebook.com\/Traxco.Riego.Pivot","article_published_time":"2017-12-13T11:54:00+00:00","article_modified_time":"2025-12-19T06:55:18+00:00","og_image":[{"width":300,"height":300,"url":"https:\/\/www.traxco.es\/blog\/wp-content\/uploads\/2017\/12\/agricultura-y-clima.jpg","type":"image\/jpeg"}],"author":"Cort\u00e9s","twitter_card":"summary_large_image","twitter_creator":"@traxco","twitter_site":"@traxco","twitter_misc":{"Escrito por":"Cort\u00e9s","Tiempo de lectura":"3 minutos"},"schema":{"@context":"https:\/\/schema.org","@graph":[{"@type":"Article","@id":"https:\/\/www.traxco.es\/blog\/noticias-agricolas\/agricultura-y-clima#article","isPartOf":{"@id":"https:\/\/www.traxco.es\/blog\/noticias-agricolas\/agricultura-y-clima"},"author":{"name":"Cort\u00e9s","@id":"https:\/\/www.traxco.es\/blog\/#\/schema\/person\/877b26f904e3fc5d00613ca3aab84766"},"headline":"Agricultura y clima","datePublished":"2017-12-13T11:54:00+00:00","dateModified":"2025-12-19T06:55:18+00:00","mainEntityOfPage":{"@id":"https:\/\/www.traxco.es\/blog\/noticias-agricolas\/agricultura-y-clima"},"wordCount":494,"commentCount":0,"publisher":{"@id":"https:\/\/www.traxco.es\/blog\/#organization"},"image":{"@id":"https:\/\/www.traxco.es\/blog\/noticias-agricolas\/agricultura-y-clima#primaryimage"},"thumbnailUrl":"https:\/\/www.traxco.es\/blog\/wp-content\/uploads\/2017\/12\/agricultura-y-clima.jpg","keywords":["temperatura","viento"],"articleSection":["Noticias agr\u00edcolas"],"inLanguage":"es","potentialAction":[{"@type":"CommentAction","name":"Comment","target":["https:\/\/www.traxco.es\/blog\/noticias-agricolas\/agricultura-y-clima#respond"]}]},{"@type":"WebPage","@id":"https:\/\/www.traxco.es\/blog\/noticias-agricolas\/agricultura-y-clima","url":"https:\/\/www.traxco.es\/blog\/noticias-agricolas\/agricultura-y-clima","name":"Agricultura y clima - Preocupaci\u00f3n por la escasez de lluvia","isPartOf":{"@id":"https:\/\/www.traxco.es\/blog\/#website"},"primaryImageOfPage":{"@id":"https:\/\/www.traxco.es\/blog\/noticias-agricolas\/agricultura-y-clima#primaryimage"},"image":{"@id":"https:\/\/www.traxco.es\/blog\/noticias-agricolas\/agricultura-y-clima#primaryimage"},"thumbnailUrl":"https:\/\/www.traxco.es\/blog\/wp-content\/uploads\/2017\/12\/agricultura-y-clima.jpg","datePublished":"2017-12-13T11:54:00+00:00","dateModified":"2025-12-19T06:55:18+00:00","description":"Agricultura y clima son conceptos muy relacionados. La escasez de lluvias, el viento, la sequ\u00eda... afecta a los agricultores y a sus cultivos.","breadcrumb":{"@id":"https:\/\/www.traxco.es\/blog\/noticias-agricolas\/agricultura-y-clima#breadcrumb"},"inLanguage":"es","potentialAction":[{"@type":"ReadAction","target":["https:\/\/www.traxco.es\/blog\/noticias-agricolas\/agricultura-y-clima"]}]},{"@type":"ImageObject","inLanguage":"es","@id":"https:\/\/www.traxco.es\/blog\/noticias-agricolas\/agricultura-y-clima#primaryimage","url":"https:\/\/www.traxco.es\/blog\/wp-content\/uploads\/2017\/12\/agricultura-y-clima.jpg","contentUrl":"https:\/\/www.traxco.es\/blog\/wp-content\/uploads\/2017\/12\/agricultura-y-clima.jpg","width":300,"height":300,"caption":"agricultura y clima"},{"@type":"BreadcrumbList","@id":"https:\/\/www.traxco.es\/blog\/noticias-agricolas\/agricultura-y-clima#breadcrumb","itemListElement":[{"@type":"ListItem","position":1,"name":"Inicio &gt; Blog","item":"https:\/\/www.traxco.es\/"},{"@type":"ListItem","position":2,"name":"Noticias agr\u00edcolas","item":"https:\/\/www.traxco.es\/blog\/categorias\/noticias-agricolas"},{"@type":"ListItem","position":3,"name":"Agricultura y clima"}]},{"@type":"WebSite","@id":"https:\/\/www.traxco.es\/blog\/#website","url":"https:\/\/www.traxco.es\/blog\/","name":"El Blog de Traxco","description":"Agricultura y Riego","publisher":{"@id":"https:\/\/www.traxco.es\/blog\/#organization"},"potentialAction":[{"@type":"SearchAction","target":{"@type":"EntryPoint","urlTemplate":"https:\/\/www.traxco.es\/blog\/?s={search_term_string}"},"query-input":{"@type":"PropertyValueSpecification","valueRequired":true,"valueName":"search_term_string"}}],"inLanguage":"es"},{"@type":"Organization","@id":"https:\/\/www.traxco.es\/blog\/#organization","name":"Traxco","url":"https:\/\/www.traxco.es\/blog\/","logo":{"@type":"ImageObject","inLanguage":"es","@id":"https:\/\/www.traxco.es\/blog\/#\/schema\/logo\/image\/","url":"https:\/\/www.traxco.es\/blog\/wp-content\/uploads\/2023\/06\/cropped-traxco.png","contentUrl":"https:\/\/www.traxco.es\/blog\/wp-content\/uploads\/2023\/06\/cropped-traxco.png","width":198,"height":39,"caption":"Traxco"},"image":{"@id":"https:\/\/www.traxco.es\/blog\/#\/schema\/logo\/image\/"},"sameAs":["https:\/\/www.facebook.com\/Traxco.Riego.Pivot","https:\/\/x.com\/traxco"]},{"@type":"Person","@id":"https:\/\/www.traxco.es\/blog\/#\/schema\/person\/877b26f904e3fc5d00613ca3aab84766","name":"Cort\u00e9s","image":{"@type":"ImageObject","inLanguage":"es","@id":"https:\/\/www.traxco.es\/blog\/#\/schema\/person\/image\/","url":"https:\/\/secure.gravatar.com\/avatar\/c9d679a5d81942e5b1e70bfc7bf0e776f9fb82137dab07df03453b2223263ccc?s=96&d=mm&r=g","contentUrl":"https:\/\/secure.gravatar.com\/avatar\/c9d679a5d81942e5b1e70bfc7bf0e776f9fb82137dab07df03453b2223263ccc?s=96&d=mm&r=g","caption":"Cort\u00e9s"},"description":"Experto en riego mecanizado, con una dilatada experiencia de m\u00e1s de 50 a\u00f1os en el sector. Su paso por Agrar le aport\u00f3 un amplio bagaje en toda la cadena de producci\u00f3n agr\u00edcola, (semillas, fertilizantes, riegos, maquinaria\u2026). Pionero en la introducci\u00f3n de Pivots de riego en Espa\u00f1a a trav\u00e9s de compa\u00f1\u00edas internacionales l\u00edderes como Valmont y Lockwood. Fund\u00f3 la empresa Traxco en 1991 para dar servicio en la distribuci\u00f3n de recambios y componentes originales para todos los fabricantes de Pivot, respaldando d\u00eda a d\u00eda en la instalaci\u00f3n y mantenimiento de estos y otros equipos de riego. Comprometido en concienciar y asesorar a los dem\u00e1s profesionales del sector, difundiendo las mejores pr\u00e1cticas y productos que ayuden a incrementar la rentabilidad de las explotaciones.","sameAs":["https:\/\/www.traxco.es\/"],"url":"https:\/\/www.traxco.es\/blog\/author\/cortes"}]}},"_links":{"self":[{"href":"https:\/\/www.traxco.es\/blog\/wp-json\/wp\/v2\/posts\/38450","targetHints":{"allow":["GET"]}}],"collection":[{"href":"https:\/\/www.traxco.es\/blog\/wp-json\/wp\/v2\/posts"}],"about":[{"href":"https:\/\/www.traxco.es\/blog\/wp-json\/wp\/v2\/types\/post"}],"author":[{"embeddable":true,"href":"https:\/\/www.traxco.es\/blog\/wp-json\/wp\/v2\/users\/6"}],"replies":[{"embeddable":true,"href":"https:\/\/www.traxco.es\/blog\/wp-json\/wp\/v2\/comments?post=38450"}],"version-history":[{"count":3,"href":"https:\/\/www.traxco.es\/blog\/wp-json\/wp\/v2\/posts\/38450\/revisions"}],"predecessor-version":[{"id":56101,"href":"https:\/\/www.traxco.es\/blog\/wp-json\/wp\/v2\/posts\/38450\/revisions\/56101"}],"wp:featuredmedia":[{"embeddable":true,"href":"https:\/\/www.traxco.es\/blog\/wp-json\/wp\/v2\/media\/38626"}],"wp:attachment":[{"href":"https:\/\/www.traxco.es\/blog\/wp-json\/wp\/v2\/media?parent=38450"}],"wp:term":[{"taxonomy":"category","embeddable":true,"href":"https:\/\/www.traxco.es\/blog\/wp-json\/wp\/v2\/categories?post=38450"},{"taxonomy":"post_tag","embeddable":true,"href":"https:\/\/www.traxco.es\/blog\/wp-json\/wp\/v2\/tags?post=38450"}],"curies":[{"name":"wp","href":"https:\/\/api.w.org\/{rel}","templated":true}]}}