{"id":30427,"date":"2015-07-17T09:57:28","date_gmt":"2015-07-17T07:57:28","guid":{"rendered":"https:\/\/www.traxco.es\/blog\/?p=30427"},"modified":"2025-12-19T07:53:38","modified_gmt":"2025-12-19T06:53:38","slug":"produccion-de-pavo","status":"publish","type":"post","link":"https:\/\/www.traxco.es\/blog\/produccion-agricola\/produccion-de-pavo","title":{"rendered":"Producci\u00f3n de pavo"},"content":{"rendered":"<p><img decoding=\"async\" class=\"alignright\" title=\"producci\u00f3n de pavo negro\" src=\"\/blog\/wp-content\/uploads\/2015\/07\/pavo-negro.jpg\" alt=\"producci\u00f3n de pavo\" width=\"380\" \/><\/p>\n<p>El <strong>consumo de pavo<\/strong> est\u00e1 creciendo anualmente cerca de un 10%. El consumidor lo demanda y lo puede encontrar en diferentes formatos: jam\u00f3n dulce, jam\u00f3n cocido, pavo entero, muslo entero, pechuga, escalope, curado de pavo (longaniza o chorizo), derivados, etc. El consumo medio de la Uni\u00f3n Europea est\u00e1 en 3,4 kg. por persona y a\u00f1o.<\/p>\n<p>La<strong> crianza del pavo<\/strong> genera trabajo, sobre todo cuando es peque\u00f1o, pero despu\u00e9s se cr\u00eda solo.<br \/>\nMuchas granjas instalan ordenadores mediante los cuales controlan todos los par\u00e1metros que afectan al rendimiento global de la explotaci\u00f3n: temperatura, humedad, ventilaci\u00f3n, consumo de agua y pienso, control de la luz, calefacci\u00f3n, etc.<\/p>\n<p>Para la cama se debe utilizar viruta gorda, porque el serr\u00edn o la viruta fina provoca impactaci\u00f3n del buche y el <strong>pavo<\/strong> no come ni bebe, provocando mortalidad. Los bebederos y comederos tienen que ser robustos ya que el <em>pavo adulto<\/em> tiene mucha fuerza y tiende a ser agresivo, tambi\u00e9n ayuda mucho el <a title=\"pastor electrico con bateria\" href=\"https:\/\/www.traxco.es\/tienda\/pastor-electrico-12v\" target=\"_blank\" rel=\"noopener\">pastor el\u00e9ctrico<\/a> ya que son animales que tienden a volar.<\/p>\n<p>Los pavos consumen un elevado volumen de agua (hasta el doble de agua que de pienso), por lo que su calidad tiene mucha importancia. Se aconseja tratar la dureza del agua bajando el pH, y eliminar las posibles impurezas. Los bebederos exclusivos para pavos disponen de una bola o canuto de acero inoxidable que reflejan la luz, estimulando al ave a beber m\u00e1s.<\/p>\n<p>Las hembras van a matadero a partir de las 12 semanas con aproximadamente 7,5 kilos, los machos est\u00e1n en la granja hasta 16 semanas alcanzando 13 kilos de peso o incluso 5 meses hasta llegar a los 17 kilos de peso.<\/p>\n<h2>Producci\u00f3n de pavo ecol\u00f3gico negro<\/h2>\n<p>Ante el impulso de los alimentos ecol\u00f3gicos, algunos avicultores han apostado por una carne que est\u00e1 diferenciada (de calidad y mediante un proceso ecol\u00f3gico), la<strong> producci\u00f3n de pavo negro<\/strong> de crecimiento lento, en una finca de 50 Has en Folgueroles, provincia de Barcelona, preparada para albergar hasta 1.500 pavos.<\/p>\n<p>Los pavos, procedentes de Francia, llegan a esta granja con 24 horas de vida. Pasan sus primeros d\u00edas en el criadero-pollera y al cabo de un mes ya pueden salir al aire libre, a unos corrales donde se cr\u00edan separados, hembras y machos, en lotes de 60 animales\u00a0 (cada ave dispone de 10 m<sup>2<\/sup> de terreno). En cada corral una construcci\u00f3n de madera de 4&#215;8 metros con puertas y ventanas permite a las aves entrar y salir a su antojo. Las hembras est\u00e1n 70 d\u00edas aproximadamente y los machos entre 120 y 140 d\u00edas. La <strong>producci\u00f3n de pavo ecol\u00f3gico negro<\/strong> se comercializa a m\u00e1s de 8 euros el kilo.<\/p>\n<p>Utiliza dos raciones de pienso de arranque, una hasta los 30 d\u00edas y otra hasta los 70 d\u00edas y un tercer tipo de pienso hasta el final de la crianza.<\/p>\n<p>En general, el<em> consumo de la carne de pavo<\/em> se ha disparado gracias a sus valores nutricionales, ya que acompa\u00f1an a las dietas saludables, y su producci\u00f3n requiere de menores costes que los que demandan otras aves.<\/p>\n","protected":false},"excerpt":{"rendered":"<p>La demanda de pavo (en todas sus variantes): pavo entero, muslo entero, pechuga, jam\u00f3n cocido, curado de pavo (ya sea longaniza o chorizo), derivados, etc&#8230;, est\u00e1 aumentando de manera progresiva a un ritmo del 10% anual. Producir pavo es una actividad de mucho futuro.<\/p>\n","protected":false},"author":6,"featured_media":31185,"comment_status":"open","ping_status":"open","sticky":false,"template":"","format":"standard","meta":{"_s2mail":"yes","footnotes":""},"categories":[32],"tags":[899],"class_list":["post-30427","post","type-post","status-publish","format-standard","has-post-thumbnail","hentry","category-produccion-agricola","tag-produccion-agricola"],"yoast_head":"<!-- This site is optimized with the Yoast SEO plugin v26.7 - https:\/\/yoast.com\/wordpress\/plugins\/seo\/ -->\n<title>Recomendaciones para la producci\u00f3n de pavo ecol\u00f3gico negro<\/title>\n<meta name=\"description\" content=\"El incremento del consumo de alimentos ecol\u00f3gicos, ha impulsado la producci\u00f3n de pavo negro, que se comercializa a m\u00e1s de 8 euros el kilo.\" \/>\n<meta name=\"robots\" content=\"index, follow, max-snippet:-1, max-image-preview:large, max-video-preview:-1\" \/>\n<link rel=\"canonical\" href=\"https:\/\/www.traxco.es\/blog\/produccion-agricola\/produccion-de-pavo\" \/>\n<meta property=\"og:locale\" content=\"es_ES\" \/>\n<meta property=\"og:type\" content=\"article\" \/>\n<meta property=\"og:title\" content=\"Recomendaciones para la producci\u00f3n de pavo ecol\u00f3gico negro\" \/>\n<meta property=\"og:description\" content=\"El incremento del consumo de alimentos ecol\u00f3gicos, ha impulsado la producci\u00f3n de pavo negro, que se comercializa a m\u00e1s de 8 euros el kilo.\" \/>\n<meta property=\"og:url\" content=\"https:\/\/www.traxco.es\/blog\/produccion-agricola\/produccion-de-pavo\" \/>\n<meta property=\"og:site_name\" content=\"El Blog de Traxco\" \/>\n<meta property=\"article:publisher\" content=\"https:\/\/www.facebook.com\/Traxco.Riego.Pivot\" \/>\n<meta property=\"article:published_time\" content=\"2015-07-17T07:57:28+00:00\" \/>\n<meta property=\"article:modified_time\" content=\"2025-12-19T06:53:38+00:00\" \/>\n<meta property=\"og:image\" content=\"https:\/\/www.traxco.es\/blog\/wp-content\/uploads\/2015\/07\/pavo-negro.jpg\" \/>\n\t<meta property=\"og:image:width\" content=\"300\" \/>\n\t<meta property=\"og:image:height\" content=\"300\" \/>\n\t<meta property=\"og:image:type\" content=\"image\/jpeg\" \/>\n<meta name=\"author\" content=\"Cort\u00e9s\" \/>\n<meta name=\"twitter:card\" content=\"summary_large_image\" \/>\n<meta name=\"twitter:creator\" content=\"@traxco\" \/>\n<meta name=\"twitter:site\" content=\"@traxco\" \/>\n<meta name=\"twitter:label1\" content=\"Escrito por\" \/>\n\t<meta name=\"twitter:data1\" content=\"Cort\u00e9s\" \/>\n\t<meta name=\"twitter:label2\" content=\"Tiempo de lectura\" \/>\n\t<meta name=\"twitter:data2\" content=\"3 minutos\" \/>\n<!-- \/ Yoast SEO plugin. -->","yoast_head_json":{"title":"Recomendaciones para la producci\u00f3n de pavo ecol\u00f3gico negro","description":"El incremento del consumo de alimentos ecol\u00f3gicos, ha impulsado la producci\u00f3n de pavo negro, que se comercializa a m\u00e1s de 8 euros el kilo.","robots":{"index":"index","follow":"follow","max-snippet":"max-snippet:-1","max-image-preview":"max-image-preview:large","max-video-preview":"max-video-preview:-1"},"canonical":"https:\/\/www.traxco.es\/blog\/produccion-agricola\/produccion-de-pavo","og_locale":"es_ES","og_type":"article","og_title":"Recomendaciones para la producci\u00f3n de pavo ecol\u00f3gico negro","og_description":"El incremento del consumo de alimentos ecol\u00f3gicos, ha impulsado la producci\u00f3n de pavo negro, que se comercializa a m\u00e1s de 8 euros el kilo.","og_url":"https:\/\/www.traxco.es\/blog\/produccion-agricola\/produccion-de-pavo","og_site_name":"El Blog de Traxco","article_publisher":"https:\/\/www.facebook.com\/Traxco.Riego.Pivot","article_published_time":"2015-07-17T07:57:28+00:00","article_modified_time":"2025-12-19T06:53:38+00:00","og_image":[{"width":300,"height":300,"url":"https:\/\/www.traxco.es\/blog\/wp-content\/uploads\/2015\/07\/pavo-negro.jpg","type":"image\/jpeg"}],"author":"Cort\u00e9s","twitter_card":"summary_large_image","twitter_creator":"@traxco","twitter_site":"@traxco","twitter_misc":{"Escrito por":"Cort\u00e9s","Tiempo de lectura":"3 minutos"},"schema":{"@context":"https:\/\/schema.org","@graph":[{"@type":"Article","@id":"https:\/\/www.traxco.es\/blog\/produccion-agricola\/produccion-de-pavo#article","isPartOf":{"@id":"https:\/\/www.traxco.es\/blog\/produccion-agricola\/produccion-de-pavo"},"author":{"name":"Cort\u00e9s","@id":"https:\/\/www.traxco.es\/blog\/#\/schema\/person\/877b26f904e3fc5d00613ca3aab84766"},"headline":"Producci\u00f3n de pavo","datePublished":"2015-07-17T07:57:28+00:00","dateModified":"2025-12-19T06:53:38+00:00","mainEntityOfPage":{"@id":"https:\/\/www.traxco.es\/blog\/produccion-agricola\/produccion-de-pavo"},"wordCount":521,"commentCount":1,"publisher":{"@id":"https:\/\/www.traxco.es\/blog\/#organization"},"image":{"@id":"https:\/\/www.traxco.es\/blog\/produccion-agricola\/produccion-de-pavo#primaryimage"},"thumbnailUrl":"https:\/\/www.traxco.es\/blog\/wp-content\/uploads\/2015\/07\/pavo-negro.jpg","keywords":["Producci\u00f3n agr\u00edcola"],"articleSection":["Producci\u00f3n agr\u00edcola"],"inLanguage":"es","potentialAction":[{"@type":"CommentAction","name":"Comment","target":["https:\/\/www.traxco.es\/blog\/produccion-agricola\/produccion-de-pavo#respond"]}]},{"@type":"WebPage","@id":"https:\/\/www.traxco.es\/blog\/produccion-agricola\/produccion-de-pavo","url":"https:\/\/www.traxco.es\/blog\/produccion-agricola\/produccion-de-pavo","name":"Recomendaciones para la producci\u00f3n de pavo ecol\u00f3gico negro","isPartOf":{"@id":"https:\/\/www.traxco.es\/blog\/#website"},"primaryImageOfPage":{"@id":"https:\/\/www.traxco.es\/blog\/produccion-agricola\/produccion-de-pavo#primaryimage"},"image":{"@id":"https:\/\/www.traxco.es\/blog\/produccion-agricola\/produccion-de-pavo#primaryimage"},"thumbnailUrl":"https:\/\/www.traxco.es\/blog\/wp-content\/uploads\/2015\/07\/pavo-negro.jpg","datePublished":"2015-07-17T07:57:28+00:00","dateModified":"2025-12-19T06:53:38+00:00","description":"El incremento del consumo de alimentos ecol\u00f3gicos, ha impulsado la producci\u00f3n de pavo negro, que se comercializa a m\u00e1s de 8 euros el kilo.","breadcrumb":{"@id":"https:\/\/www.traxco.es\/blog\/produccion-agricola\/produccion-de-pavo#breadcrumb"},"inLanguage":"es","potentialAction":[{"@type":"ReadAction","target":["https:\/\/www.traxco.es\/blog\/produccion-agricola\/produccion-de-pavo"]}]},{"@type":"ImageObject","inLanguage":"es","@id":"https:\/\/www.traxco.es\/blog\/produccion-agricola\/produccion-de-pavo#primaryimage","url":"https:\/\/www.traxco.es\/blog\/wp-content\/uploads\/2015\/07\/pavo-negro.jpg","contentUrl":"https:\/\/www.traxco.es\/blog\/wp-content\/uploads\/2015\/07\/pavo-negro.jpg","width":300,"height":300,"caption":"producci\u00f3n de pavo"},{"@type":"BreadcrumbList","@id":"https:\/\/www.traxco.es\/blog\/produccion-agricola\/produccion-de-pavo#breadcrumb","itemListElement":[{"@type":"ListItem","position":1,"name":"Inicio &gt; Blog","item":"https:\/\/www.traxco.es\/"},{"@type":"ListItem","position":2,"name":"Producci\u00f3n agr\u00edcola","item":"https:\/\/www.traxco.es\/blog\/categorias\/produccion-agricola"},{"@type":"ListItem","position":3,"name":"Producci\u00f3n de pavo"}]},{"@type":"WebSite","@id":"https:\/\/www.traxco.es\/blog\/#website","url":"https:\/\/www.traxco.es\/blog\/","name":"El Blog de Traxco","description":"Agricultura y Riego","publisher":{"@id":"https:\/\/www.traxco.es\/blog\/#organization"},"potentialAction":[{"@type":"SearchAction","target":{"@type":"EntryPoint","urlTemplate":"https:\/\/www.traxco.es\/blog\/?s={search_term_string}"},"query-input":{"@type":"PropertyValueSpecification","valueRequired":true,"valueName":"search_term_string"}}],"inLanguage":"es"},{"@type":"Organization","@id":"https:\/\/www.traxco.es\/blog\/#organization","name":"Traxco","url":"https:\/\/www.traxco.es\/blog\/","logo":{"@type":"ImageObject","inLanguage":"es","@id":"https:\/\/www.traxco.es\/blog\/#\/schema\/logo\/image\/","url":"https:\/\/www.traxco.es\/blog\/wp-content\/uploads\/2023\/06\/cropped-traxco.png","contentUrl":"https:\/\/www.traxco.es\/blog\/wp-content\/uploads\/2023\/06\/cropped-traxco.png","width":198,"height":39,"caption":"Traxco"},"image":{"@id":"https:\/\/www.traxco.es\/blog\/#\/schema\/logo\/image\/"},"sameAs":["https:\/\/www.facebook.com\/Traxco.Riego.Pivot","https:\/\/x.com\/traxco"]},{"@type":"Person","@id":"https:\/\/www.traxco.es\/blog\/#\/schema\/person\/877b26f904e3fc5d00613ca3aab84766","name":"Cort\u00e9s","image":{"@type":"ImageObject","inLanguage":"es","@id":"https:\/\/www.traxco.es\/blog\/#\/schema\/person\/image\/","url":"https:\/\/secure.gravatar.com\/avatar\/c9d679a5d81942e5b1e70bfc7bf0e776f9fb82137dab07df03453b2223263ccc?s=96&d=mm&r=g","contentUrl":"https:\/\/secure.gravatar.com\/avatar\/c9d679a5d81942e5b1e70bfc7bf0e776f9fb82137dab07df03453b2223263ccc?s=96&d=mm&r=g","caption":"Cort\u00e9s"},"description":"Experto en riego mecanizado, con una dilatada experiencia de m\u00e1s de 50 a\u00f1os en el sector. Su paso por Agrar le aport\u00f3 un amplio bagaje en toda la cadena de producci\u00f3n agr\u00edcola, (semillas, fertilizantes, riegos, maquinaria\u2026). Pionero en la introducci\u00f3n de Pivots de riego en Espa\u00f1a a trav\u00e9s de compa\u00f1\u00edas internacionales l\u00edderes como Valmont y Lockwood. Fund\u00f3 la empresa Traxco en 1991 para dar servicio en la distribuci\u00f3n de recambios y componentes originales para todos los fabricantes de Pivot, respaldando d\u00eda a d\u00eda en la instalaci\u00f3n y mantenimiento de estos y otros equipos de riego. Comprometido en concienciar y asesorar a los dem\u00e1s profesionales del sector, difundiendo las mejores pr\u00e1cticas y productos que ayuden a incrementar la rentabilidad de las explotaciones.","sameAs":["https:\/\/www.traxco.es\/"],"url":"https:\/\/www.traxco.es\/blog\/author\/cortes"}]}},"_links":{"self":[{"href":"https:\/\/www.traxco.es\/blog\/wp-json\/wp\/v2\/posts\/30427","targetHints":{"allow":["GET"]}}],"collection":[{"href":"https:\/\/www.traxco.es\/blog\/wp-json\/wp\/v2\/posts"}],"about":[{"href":"https:\/\/www.traxco.es\/blog\/wp-json\/wp\/v2\/types\/post"}],"author":[{"embeddable":true,"href":"https:\/\/www.traxco.es\/blog\/wp-json\/wp\/v2\/users\/6"}],"replies":[{"embeddable":true,"href":"https:\/\/www.traxco.es\/blog\/wp-json\/wp\/v2\/comments?post=30427"}],"version-history":[{"count":3,"href":"https:\/\/www.traxco.es\/blog\/wp-json\/wp\/v2\/posts\/30427\/revisions"}],"predecessor-version":[{"id":57251,"href":"https:\/\/www.traxco.es\/blog\/wp-json\/wp\/v2\/posts\/30427\/revisions\/57251"}],"wp:featuredmedia":[{"embeddable":true,"href":"https:\/\/www.traxco.es\/blog\/wp-json\/wp\/v2\/media\/31185"}],"wp:attachment":[{"href":"https:\/\/www.traxco.es\/blog\/wp-json\/wp\/v2\/media?parent=30427"}],"wp:term":[{"taxonomy":"category","embeddable":true,"href":"https:\/\/www.traxco.es\/blog\/wp-json\/wp\/v2\/categories?post=30427"},{"taxonomy":"post_tag","embeddable":true,"href":"https:\/\/www.traxco.es\/blog\/wp-json\/wp\/v2\/tags?post=30427"}],"curies":[{"name":"wp","href":"https:\/\/api.w.org\/{rel}","templated":true}]}}