{"id":27160,"date":"2014-10-17T10:06:48","date_gmt":"2014-10-17T08:06:48","guid":{"rendered":"https:\/\/www.traxco.es\/blog\/?p=27160"},"modified":"2025-12-19T07:53:43","modified_gmt":"2025-12-19T06:53:43","slug":"mini-generador-eolico","status":"publish","type":"post","link":"https:\/\/www.traxco.es\/blog\/productos-nuevos\/mini-generador-eolico","title":{"rendered":"Mini generador e\u00f3lico"},"content":{"rendered":"<p><img decoding=\"async\" class=\"alignright\" title=\"mini generador e\u00f3lico como fuente de energ\u00eda\" src=\"\/blog\/wp-content\/uploads\/2014\/10\/generador-eolico.jpg\" alt=\"mini generador e\u00f3lico\" width=\"380\" \/><\/p>\n<p>Las energ\u00edas renovables son sin lugar a duda la soluci\u00f3n m\u00e1s inmediata para reducir los costes energ\u00e9ticos de la actividad en la b\u00fasqueda de la mejor rentabilidad y la eficiencia energ\u00e9tica, el concepto de &#8220;ahorro verde&#8221;. Disponer del <em>recurso viento<\/em> es un factor esencial y definitivo para <strong>optar por los generadores e\u00f3licos<\/strong>, utilizando el viento para generar energ\u00eda que permita alimentar los equipos el\u00e9ctricos y electr\u00f3nicos.<\/p>\n<p><strong>La energ\u00eda e\u00f3lica es ideal<\/strong> tanto en tierra como en mar, para los lugares con ausencia de l\u00ednea el\u00e9ctrica o deficiente, para la carga de bater\u00edas o como generador de seguridad en zonas rurales, bombeos de agua, suministro energ\u00e9tico, sector p\u00fablico o privado, industrial, etc. El espacio y las condiciones clim\u00e1ticas priman en la energ\u00eda e\u00f3lica, las zonas mar\u00edtimas por su enorme capacidad energ\u00e9tica procedente de los cambios clim\u00e1ticos, son perfectas para el rendimiento de un <strong>generador e\u00f3lico<\/strong>. La ventaja fundamental de una <em>instalaci\u00f3n de mini e\u00f3lica<\/em> es la reducci\u00f3n inmediata de costes de la actividad, en concreto la reducci\u00f3n de energ\u00eda reactiva.<\/p>\n<p>Inicialmente para garantizar la eficiencia y rentabilidad de un <strong>mini generador e\u00f3lico<\/strong>, es necesario <em>medir el viento con rigurosidad<\/em> en la zona donde se prev\u00e9 instalarlo. Debemos conocer mediante mediciones en diferentes horas y d\u00edas los valores controlados de cantidad de aire, pero adem\u00e1s es tambi\u00e9n muy importante <strong>detectar los flujos lineales del viento<\/strong> y los obst\u00e1culos que pueden reducir su fuerza como edificios, \u00e1rboles, etc.<\/p>\n<p>Los <strong>mini generadores e\u00f3licos<\/strong> que pueden combinarse con una l\u00ednea existente o con otras <strong>energ\u00edas renovables<\/strong>, son de dimensiones reducidas y est\u00e1n fabricados con materiales de gran calidad y ligereza: estructura en aluminio, aspas en fibra de carbono que reducen sensiblemente el ruido que genera la fricci\u00f3n con el aire, y lo m\u00e1s importante, para su instalaci\u00f3n no se necesita transporte especial ni realizar una obra civil compleja.<\/p>\n<h2>Mini generador e\u00f3lico de 400w<\/h2>\n<p>Con una potencia de 400w a 24,3 nudos (12,5 metros\/segundo), dise\u00f1ado en un cuerpo peque\u00f1o y ligero con regulador incorporado y de f\u00e1cil instalaci\u00f3n, es el <strong>generador e\u00f3lico<\/strong> m\u00e1s demandado. Pesa menos de 6 kilos, simplificando la instalaci\u00f3n que requiere menos estructura de soporte (basta con un tubo de 48 mil\u00edmetros de di\u00e1metro exterior), est\u00e1 fabricado en aluminio con recubrimiento epoxi para una mayor resistencia a la corrosi\u00f3n y dispone de 3 aspas de composite de fibra de carbono.<\/p>\n<p>Dispone de un regulador de carga interno que tiene la funci\u00f3n de seguimiento de la carga y protecci\u00f3n de velocidad, con sistema auto-frenado que act\u00faa cuando las bater\u00edas est\u00e1n cargadas, reduciendo el desgaste del equipo.<\/p>\n<p>Disponible en versiones de 12, 24 y 48 voltios, esta unidad arranca con vientos de 7 nudos (3,58 metros por segundo), puede producir m\u00e1s de 25 amperios con poco m\u00e1s de 20 nudos de viento y en zonas con vientos alisios, puede generar una carga de entre 128 y 260 amperios\/d\u00eda con vientos de entre 15 y 20 nudos.<\/p>\n","protected":false},"excerpt":{"rendered":"<p>La disposici\u00f3n del recurso viento invita a que se usen estos mini generadores e\u00f3licos. Son peque\u00f1os, ligeros, altamente resistentes y de muy f\u00e1cil instalaci\u00f3n. Esta energ\u00eda renovable, sola o en combinaci\u00f3n con otras, reduce los costes de la actividad y en concreto el gasto en energ\u00eda reactiva.<\/p>\n","protected":false},"author":6,"featured_media":27481,"comment_status":"open","ping_status":"open","sticky":false,"template":"","format":"standard","meta":{"_s2mail":"yes","footnotes":""},"categories":[6],"tags":[19,752,385],"class_list":["post-27160","post","type-post","status-publish","format-standard","has-post-thumbnail","hentry","category-productos-nuevos","tag-energias-renovables","tag-generar-electricidad","tag-viento"],"yoast_head":"<!-- This site is optimized with the Yoast SEO plugin v26.7 - https:\/\/yoast.com\/wordpress\/plugins\/seo\/ -->\n<title>Mini generador e\u00f3lico para producir energ\u00eda con el viento<\/title>\n<meta name=\"description\" content=\"Mini generador e\u00f3lico con potencia de 400W, ligero, requiere menos estructura de soporte y fabricado en aluminio resistente a la corrosi\u00f3n\" \/>\n<meta name=\"robots\" content=\"index, follow, max-snippet:-1, max-image-preview:large, max-video-preview:-1\" \/>\n<link rel=\"canonical\" href=\"https:\/\/www.traxco.es\/blog\/productos-nuevos\/mini-generador-eolico\" \/>\n<meta property=\"og:locale\" content=\"es_ES\" \/>\n<meta property=\"og:type\" content=\"article\" \/>\n<meta property=\"og:title\" content=\"Mini generador e\u00f3lico para producir energ\u00eda con el viento\" \/>\n<meta property=\"og:description\" content=\"Mini generador e\u00f3lico con potencia de 400W, ligero, requiere menos estructura de soporte y fabricado en aluminio resistente a la corrosi\u00f3n\" \/>\n<meta property=\"og:url\" content=\"https:\/\/www.traxco.es\/blog\/productos-nuevos\/mini-generador-eolico\" \/>\n<meta property=\"og:site_name\" content=\"El Blog de Traxco\" \/>\n<meta property=\"article:publisher\" content=\"https:\/\/www.facebook.com\/Traxco.Riego.Pivot\" \/>\n<meta property=\"article:published_time\" content=\"2014-10-17T08:06:48+00:00\" \/>\n<meta property=\"article:modified_time\" content=\"2025-12-19T06:53:43+00:00\" \/>\n<meta property=\"og:image\" content=\"https:\/\/www.traxco.es\/blog\/wp-content\/uploads\/2014\/10\/generador-eolico.jpg\" \/>\n\t<meta property=\"og:image:width\" content=\"300\" \/>\n\t<meta property=\"og:image:height\" content=\"300\" \/>\n\t<meta property=\"og:image:type\" content=\"image\/jpeg\" \/>\n<meta name=\"author\" content=\"Cort\u00e9s\" \/>\n<meta name=\"twitter:card\" content=\"summary_large_image\" \/>\n<meta name=\"twitter:creator\" content=\"@traxco\" \/>\n<meta name=\"twitter:site\" content=\"@traxco\" \/>\n<meta name=\"twitter:label1\" content=\"Escrito por\" \/>\n\t<meta name=\"twitter:data1\" content=\"Cort\u00e9s\" \/>\n\t<meta name=\"twitter:label2\" content=\"Tiempo de lectura\" \/>\n\t<meta name=\"twitter:data2\" content=\"3 minutos\" \/>\n<!-- \/ Yoast SEO plugin. -->","yoast_head_json":{"title":"Mini generador e\u00f3lico para producir energ\u00eda con el viento","description":"Mini generador e\u00f3lico con potencia de 400W, ligero, requiere menos estructura de soporte y fabricado en aluminio resistente a la corrosi\u00f3n","robots":{"index":"index","follow":"follow","max-snippet":"max-snippet:-1","max-image-preview":"max-image-preview:large","max-video-preview":"max-video-preview:-1"},"canonical":"https:\/\/www.traxco.es\/blog\/productos-nuevos\/mini-generador-eolico","og_locale":"es_ES","og_type":"article","og_title":"Mini generador e\u00f3lico para producir energ\u00eda con el viento","og_description":"Mini generador e\u00f3lico con potencia de 400W, ligero, requiere menos estructura de soporte y fabricado en aluminio resistente a la corrosi\u00f3n","og_url":"https:\/\/www.traxco.es\/blog\/productos-nuevos\/mini-generador-eolico","og_site_name":"El Blog de Traxco","article_publisher":"https:\/\/www.facebook.com\/Traxco.Riego.Pivot","article_published_time":"2014-10-17T08:06:48+00:00","article_modified_time":"2025-12-19T06:53:43+00:00","og_image":[{"width":300,"height":300,"url":"https:\/\/www.traxco.es\/blog\/wp-content\/uploads\/2014\/10\/generador-eolico.jpg","type":"image\/jpeg"}],"author":"Cort\u00e9s","twitter_card":"summary_large_image","twitter_creator":"@traxco","twitter_site":"@traxco","twitter_misc":{"Escrito por":"Cort\u00e9s","Tiempo de lectura":"3 minutos"},"schema":{"@context":"https:\/\/schema.org","@graph":[{"@type":"Article","@id":"https:\/\/www.traxco.es\/blog\/productos-nuevos\/mini-generador-eolico#article","isPartOf":{"@id":"https:\/\/www.traxco.es\/blog\/productos-nuevos\/mini-generador-eolico"},"author":{"name":"Cort\u00e9s","@id":"https:\/\/www.traxco.es\/blog\/#\/schema\/person\/877b26f904e3fc5d00613ca3aab84766"},"headline":"Mini generador e\u00f3lico","datePublished":"2014-10-17T08:06:48+00:00","dateModified":"2025-12-19T06:53:43+00:00","mainEntityOfPage":{"@id":"https:\/\/www.traxco.es\/blog\/productos-nuevos\/mini-generador-eolico"},"wordCount":531,"commentCount":3,"publisher":{"@id":"https:\/\/www.traxco.es\/blog\/#organization"},"image":{"@id":"https:\/\/www.traxco.es\/blog\/productos-nuevos\/mini-generador-eolico#primaryimage"},"thumbnailUrl":"https:\/\/www.traxco.es\/blog\/wp-content\/uploads\/2014\/10\/generador-eolico.jpg","keywords":["energ\u00edas renovables","generar electricidad","viento"],"articleSection":["Productos nuevos"],"inLanguage":"es","potentialAction":[{"@type":"CommentAction","name":"Comment","target":["https:\/\/www.traxco.es\/blog\/productos-nuevos\/mini-generador-eolico#respond"]}]},{"@type":"WebPage","@id":"https:\/\/www.traxco.es\/blog\/productos-nuevos\/mini-generador-eolico","url":"https:\/\/www.traxco.es\/blog\/productos-nuevos\/mini-generador-eolico","name":"Mini generador e\u00f3lico para producir energ\u00eda con el viento","isPartOf":{"@id":"https:\/\/www.traxco.es\/blog\/#website"},"primaryImageOfPage":{"@id":"https:\/\/www.traxco.es\/blog\/productos-nuevos\/mini-generador-eolico#primaryimage"},"image":{"@id":"https:\/\/www.traxco.es\/blog\/productos-nuevos\/mini-generador-eolico#primaryimage"},"thumbnailUrl":"https:\/\/www.traxco.es\/blog\/wp-content\/uploads\/2014\/10\/generador-eolico.jpg","datePublished":"2014-10-17T08:06:48+00:00","dateModified":"2025-12-19T06:53:43+00:00","description":"Mini generador e\u00f3lico con potencia de 400W, ligero, requiere menos estructura de soporte y fabricado en aluminio resistente a la corrosi\u00f3n","breadcrumb":{"@id":"https:\/\/www.traxco.es\/blog\/productos-nuevos\/mini-generador-eolico#breadcrumb"},"inLanguage":"es","potentialAction":[{"@type":"ReadAction","target":["https:\/\/www.traxco.es\/blog\/productos-nuevos\/mini-generador-eolico"]}]},{"@type":"ImageObject","inLanguage":"es","@id":"https:\/\/www.traxco.es\/blog\/productos-nuevos\/mini-generador-eolico#primaryimage","url":"https:\/\/www.traxco.es\/blog\/wp-content\/uploads\/2014\/10\/generador-eolico.jpg","contentUrl":"https:\/\/www.traxco.es\/blog\/wp-content\/uploads\/2014\/10\/generador-eolico.jpg","width":300,"height":300,"caption":"mini generador e\u00f3lico"},{"@type":"BreadcrumbList","@id":"https:\/\/www.traxco.es\/blog\/productos-nuevos\/mini-generador-eolico#breadcrumb","itemListElement":[{"@type":"ListItem","position":1,"name":"Inicio &gt; Blog","item":"https:\/\/www.traxco.es\/"},{"@type":"ListItem","position":2,"name":"Productos nuevos","item":"https:\/\/www.traxco.es\/blog\/categorias\/productos-nuevos"},{"@type":"ListItem","position":3,"name":"Mini generador e\u00f3lico"}]},{"@type":"WebSite","@id":"https:\/\/www.traxco.es\/blog\/#website","url":"https:\/\/www.traxco.es\/blog\/","name":"El Blog de Traxco","description":"Agricultura y Riego","publisher":{"@id":"https:\/\/www.traxco.es\/blog\/#organization"},"potentialAction":[{"@type":"SearchAction","target":{"@type":"EntryPoint","urlTemplate":"https:\/\/www.traxco.es\/blog\/?s={search_term_string}"},"query-input":{"@type":"PropertyValueSpecification","valueRequired":true,"valueName":"search_term_string"}}],"inLanguage":"es"},{"@type":"Organization","@id":"https:\/\/www.traxco.es\/blog\/#organization","name":"Traxco","url":"https:\/\/www.traxco.es\/blog\/","logo":{"@type":"ImageObject","inLanguage":"es","@id":"https:\/\/www.traxco.es\/blog\/#\/schema\/logo\/image\/","url":"https:\/\/www.traxco.es\/blog\/wp-content\/uploads\/2023\/06\/cropped-traxco.png","contentUrl":"https:\/\/www.traxco.es\/blog\/wp-content\/uploads\/2023\/06\/cropped-traxco.png","width":198,"height":39,"caption":"Traxco"},"image":{"@id":"https:\/\/www.traxco.es\/blog\/#\/schema\/logo\/image\/"},"sameAs":["https:\/\/www.facebook.com\/Traxco.Riego.Pivot","https:\/\/x.com\/traxco"]},{"@type":"Person","@id":"https:\/\/www.traxco.es\/blog\/#\/schema\/person\/877b26f904e3fc5d00613ca3aab84766","name":"Cort\u00e9s","image":{"@type":"ImageObject","inLanguage":"es","@id":"https:\/\/www.traxco.es\/blog\/#\/schema\/person\/image\/","url":"https:\/\/secure.gravatar.com\/avatar\/c9d679a5d81942e5b1e70bfc7bf0e776f9fb82137dab07df03453b2223263ccc?s=96&d=mm&r=g","contentUrl":"https:\/\/secure.gravatar.com\/avatar\/c9d679a5d81942e5b1e70bfc7bf0e776f9fb82137dab07df03453b2223263ccc?s=96&d=mm&r=g","caption":"Cort\u00e9s"},"description":"Experto en riego mecanizado, con una dilatada experiencia de m\u00e1s de 50 a\u00f1os en el sector. Su paso por Agrar le aport\u00f3 un amplio bagaje en toda la cadena de producci\u00f3n agr\u00edcola, (semillas, fertilizantes, riegos, maquinaria\u2026). Pionero en la introducci\u00f3n de Pivots de riego en Espa\u00f1a a trav\u00e9s de compa\u00f1\u00edas internacionales l\u00edderes como Valmont y Lockwood. Fund\u00f3 la empresa Traxco en 1991 para dar servicio en la distribuci\u00f3n de recambios y componentes originales para todos los fabricantes de Pivot, respaldando d\u00eda a d\u00eda en la instalaci\u00f3n y mantenimiento de estos y otros equipos de riego. Comprometido en concienciar y asesorar a los dem\u00e1s profesionales del sector, difundiendo las mejores pr\u00e1cticas y productos que ayuden a incrementar la rentabilidad de las explotaciones.","sameAs":["https:\/\/www.traxco.es\/"],"url":"https:\/\/www.traxco.es\/blog\/author\/cortes"}]}},"_links":{"self":[{"href":"https:\/\/www.traxco.es\/blog\/wp-json\/wp\/v2\/posts\/27160","targetHints":{"allow":["GET"]}}],"collection":[{"href":"https:\/\/www.traxco.es\/blog\/wp-json\/wp\/v2\/posts"}],"about":[{"href":"https:\/\/www.traxco.es\/blog\/wp-json\/wp\/v2\/types\/post"}],"author":[{"embeddable":true,"href":"https:\/\/www.traxco.es\/blog\/wp-json\/wp\/v2\/users\/6"}],"replies":[{"embeddable":true,"href":"https:\/\/www.traxco.es\/blog\/wp-json\/wp\/v2\/comments?post=27160"}],"version-history":[{"count":2,"href":"https:\/\/www.traxco.es\/blog\/wp-json\/wp\/v2\/posts\/27160\/revisions"}],"predecessor-version":[{"id":57602,"href":"https:\/\/www.traxco.es\/blog\/wp-json\/wp\/v2\/posts\/27160\/revisions\/57602"}],"wp:featuredmedia":[{"embeddable":true,"href":"https:\/\/www.traxco.es\/blog\/wp-json\/wp\/v2\/media\/27481"}],"wp:attachment":[{"href":"https:\/\/www.traxco.es\/blog\/wp-json\/wp\/v2\/media?parent=27160"}],"wp:term":[{"taxonomy":"category","embeddable":true,"href":"https:\/\/www.traxco.es\/blog\/wp-json\/wp\/v2\/categories?post=27160"},{"taxonomy":"post_tag","embeddable":true,"href":"https:\/\/www.traxco.es\/blog\/wp-json\/wp\/v2\/tags?post=27160"}],"curies":[{"name":"wp","href":"https:\/\/api.w.org\/{rel}","templated":true}]}}