{"id":14771,"date":"2013-04-08T10:07:51","date_gmt":"2013-04-08T08:07:51","guid":{"rendered":"https:\/\/www.traxco.es\/blog\/?p=14771"},"modified":"2025-12-19T07:52:55","modified_gmt":"2025-12-19T06:52:55","slug":"el-sector-primario","status":"publish","type":"post","link":"https:\/\/www.traxco.es\/blog\/noticias-agricolas\/el-sector-primario","title":{"rendered":"Sector primario, clave para alimentar a la poblaci\u00f3n"},"content":{"rendered":"<p><img decoding=\"async\" class=\"alignright\" title=\"el sector primario\" src=\"\/blog\/wp-content\/uploads\/2013\/03\/sector-primario.jpg\" alt=\"sector primarios\" width=\"380\"><\/p>\n<p>No existe un pa\u00eds moderno en el cual<strong> el sector primario<\/strong> no sea parte esencial de su estrategia de crecimiento. Su papel es clave en la sociedad, alimentar a la poblaci\u00f3n.<\/p>\n<p>La <strong>agricultura<\/strong> est\u00e1 recuperando el protagonismo econ\u00f3mico que hab\u00eda perdido en la Pen\u00ednsula.<br \/>\nLos precios de los alimentos se han disparado, hay escasez porque millones de personas est\u00e1n accediendo a una mejor alimentaci\u00f3n, se est\u00e1n utilizando para producir combustibles grandes cantidades de productos agr\u00edcolas&#8230;<\/p>\n<p>Se ha empezado a abandonar la idea de que con la liberalizaci\u00f3n del comercio es suficiente para hacer funcionar los mercados globales. Hoy d\u00eda, se valoran otras ideas como la eficiencia de las cadenas de valor, la inserci\u00f3n directa en los mercados de los peque\u00f1os agricultores y el desarrollo de la econom\u00eda rural no agr\u00edcola.<br \/>\nBuenos insumos, buena capacitaci\u00f3n de los agricultores y mucha informaci\u00f3n, permitir\u00e1n tener siempre <strong>una agricultura que genere m\u00e1s y mejores producciones<\/strong>.<\/p>\n<p>La previsi\u00f3n mundial de crecimiento de poblaci\u00f3n estima que en el a\u00f1o 2050 seremos 9.000 millones de habitantes, frente a los 6.000 millones de la actualidad. Con este aumento de poblaci\u00f3n y teniendo en cuenta los cambios diet\u00e9ticos previstos, <em>la demanda de alimentos ser\u00e1 cada vez mayor<\/em>.<\/p>\n<p>El necesario incremento en la productividad debe conseguirse con un adecuado manejo del suelo, del agua y de los nutrientes que necesita la <em>actividad agr\u00edcola<\/em>, ya que lo que no va a variar es la disponibilidad de hect\u00e1reas destinadas al cultivo.<\/p>\n<p>La productividad de los cultivos debe mejorarse de una manera natural, promoviendo la eficiencia en las distintas clases de asociaciones simbi\u00f3ticas que existen entre las plantas y los microorganismos que se encuentran en el suelo (bacterias y hongos). El fundamento de la biofertilizaci\u00f3n radica en los procesos de asimilaci\u00f3n de nutrientes tales como el nitr\u00f3geno y el f\u00f3sforo.<\/p>\n<p>Los repuntes en los precios del petr\u00f3leo est\u00e1n estrechamente relacionados con una mayor utilizaci\u00f3n de las materias primas de origen agr\u00edcola para obtener combustibles.<\/p>\n<p>El agua se consolida como un factor fundamental para el desarrollo. Se conoce como Revoluci\u00f3n Azul a la b\u00fasqueda constante de f\u00f3rmulas para incrementar la eficiencia del riego, en cultivos de secano y en cultivos de regad\u00edo, desarrollando tecnolog\u00edas y m\u00e9todos que logren <strong>maximizar la producci\u00f3n agr\u00edcola<\/strong>, contando con unos vol\u00famenes de agua limitados e involucrando siempre al factor humano en la mejor gesti\u00f3n de este recurso tan importante.<\/p>\n<p>El fortalecimiento del <strong>sector primario <\/strong>para responder al crecimiento de la demanda, debe perseguir en todo momento un apoyo a los agricultores para que eleven su productividad, suavizando o eliminando los obst\u00e1culos estructurales a los que se enfrentan y ampliando los recursos encaminados a tecnolog\u00edas sostenibles que potencien la productividad.<\/p>\n","protected":false},"excerpt":{"rendered":"<p>El incremento en producci\u00f3n agr\u00edcola debe venir dado por un buen manejo del suelo, del agua y de los nutrientes. El fortalecimiento del sector agr\u00edcola para responder a la demanda, debe apoyar a los agricultores para elevar su productividad.<\/p>\n","protected":false},"author":6,"featured_media":14777,"comment_status":"open","ping_status":"open","sticky":false,"template":"","format":"standard","meta":{"_s2mail":"yes","footnotes":""},"categories":[14],"tags":[834,166,899,31],"class_list":["post-14771","post","type-post","status-publish","format-standard","has-post-thumbnail","hentry","category-noticias-agricolas","tag-agricola","tag-agricultura","tag-produccion-agricola","tag-sector-agrario"],"yoast_head":"<!-- This site is optimized with the Yoast SEO plugin v26.7 - https:\/\/yoast.com\/wordpress\/plugins\/seo\/ -->\n<title>Sector primario y sector agr\u00edcola - Claves para la poblaci\u00f3n<\/title>\n<meta name=\"description\" content=\"El fortalecimiento del sector primario para responder al desarrollo de la demanda debe apoyar a los agricultores y mejorar su productividad\" \/>\n<meta name=\"robots\" content=\"index, follow, max-snippet:-1, max-image-preview:large, max-video-preview:-1\" \/>\n<link rel=\"canonical\" href=\"https:\/\/www.traxco.es\/blog\/noticias-agricolas\/el-sector-primario\" \/>\n<meta property=\"og:locale\" content=\"es_ES\" \/>\n<meta property=\"og:type\" content=\"article\" \/>\n<meta property=\"og:title\" content=\"Sector primario y sector agr\u00edcola - Claves para la poblaci\u00f3n\" \/>\n<meta property=\"og:description\" content=\"El fortalecimiento del sector primario para responder al desarrollo de la demanda debe apoyar a los agricultores y mejorar su productividad\" \/>\n<meta property=\"og:url\" content=\"https:\/\/www.traxco.es\/blog\/noticias-agricolas\/el-sector-primario\" \/>\n<meta property=\"og:site_name\" content=\"El Blog de Traxco\" \/>\n<meta property=\"article:publisher\" content=\"https:\/\/www.facebook.com\/Traxco.Riego.Pivot\" \/>\n<meta property=\"article:published_time\" content=\"2013-04-08T08:07:51+00:00\" \/>\n<meta property=\"article:modified_time\" content=\"2025-12-19T06:52:55+00:00\" \/>\n<meta property=\"og:image\" content=\"https:\/\/www.traxco.es\/blog\/wp-content\/uploads\/2013\/03\/sector-primario.jpg\" \/>\n\t<meta property=\"og:image:width\" content=\"300\" \/>\n\t<meta property=\"og:image:height\" content=\"300\" \/>\n\t<meta property=\"og:image:type\" content=\"image\/jpeg\" \/>\n<meta name=\"author\" content=\"Cort\u00e9s\" \/>\n<meta name=\"twitter:card\" content=\"summary_large_image\" \/>\n<meta name=\"twitter:creator\" content=\"@traxco\" \/>\n<meta name=\"twitter:site\" content=\"@traxco\" \/>\n<meta name=\"twitter:label1\" content=\"Escrito por\" \/>\n\t<meta name=\"twitter:data1\" content=\"Cort\u00e9s\" \/>\n\t<meta name=\"twitter:label2\" content=\"Tiempo de lectura\" \/>\n\t<meta name=\"twitter:data2\" content=\"3 minutos\" \/>\n<!-- \/ Yoast SEO plugin. -->","yoast_head_json":{"title":"Sector primario y sector agr\u00edcola - Claves para la poblaci\u00f3n","description":"El fortalecimiento del sector primario para responder al desarrollo de la demanda debe apoyar a los agricultores y mejorar su productividad","robots":{"index":"index","follow":"follow","max-snippet":"max-snippet:-1","max-image-preview":"max-image-preview:large","max-video-preview":"max-video-preview:-1"},"canonical":"https:\/\/www.traxco.es\/blog\/noticias-agricolas\/el-sector-primario","og_locale":"es_ES","og_type":"article","og_title":"Sector primario y sector agr\u00edcola - Claves para la poblaci\u00f3n","og_description":"El fortalecimiento del sector primario para responder al desarrollo de la demanda debe apoyar a los agricultores y mejorar su productividad","og_url":"https:\/\/www.traxco.es\/blog\/noticias-agricolas\/el-sector-primario","og_site_name":"El Blog de Traxco","article_publisher":"https:\/\/www.facebook.com\/Traxco.Riego.Pivot","article_published_time":"2013-04-08T08:07:51+00:00","article_modified_time":"2025-12-19T06:52:55+00:00","og_image":[{"width":300,"height":300,"url":"https:\/\/www.traxco.es\/blog\/wp-content\/uploads\/2013\/03\/sector-primario.jpg","type":"image\/jpeg"}],"author":"Cort\u00e9s","twitter_card":"summary_large_image","twitter_creator":"@traxco","twitter_site":"@traxco","twitter_misc":{"Escrito por":"Cort\u00e9s","Tiempo de lectura":"3 minutos"},"schema":{"@context":"https:\/\/schema.org","@graph":[{"@type":"Article","@id":"https:\/\/www.traxco.es\/blog\/noticias-agricolas\/el-sector-primario#article","isPartOf":{"@id":"https:\/\/www.traxco.es\/blog\/noticias-agricolas\/el-sector-primario"},"author":{"name":"Cort\u00e9s","@id":"https:\/\/www.traxco.es\/blog\/#\/schema\/person\/877b26f904e3fc5d00613ca3aab84766"},"headline":"Sector primario, clave para alimentar a la poblaci\u00f3n","datePublished":"2013-04-08T08:07:51+00:00","dateModified":"2025-12-19T06:52:55+00:00","mainEntityOfPage":{"@id":"https:\/\/www.traxco.es\/blog\/noticias-agricolas\/el-sector-primario"},"wordCount":493,"commentCount":1,"publisher":{"@id":"https:\/\/www.traxco.es\/blog\/#organization"},"image":{"@id":"https:\/\/www.traxco.es\/blog\/noticias-agricolas\/el-sector-primario#primaryimage"},"thumbnailUrl":"https:\/\/www.traxco.es\/blog\/wp-content\/uploads\/2013\/03\/sector-primario.jpg","keywords":["agricola","agricultura","Producci\u00f3n agr\u00edcola","sector agrario"],"articleSection":["Noticias agr\u00edcolas"],"inLanguage":"es","potentialAction":[{"@type":"CommentAction","name":"Comment","target":["https:\/\/www.traxco.es\/blog\/noticias-agricolas\/el-sector-primario#respond"]}]},{"@type":"WebPage","@id":"https:\/\/www.traxco.es\/blog\/noticias-agricolas\/el-sector-primario","url":"https:\/\/www.traxco.es\/blog\/noticias-agricolas\/el-sector-primario","name":"Sector primario y sector agr\u00edcola - Claves para la poblaci\u00f3n","isPartOf":{"@id":"https:\/\/www.traxco.es\/blog\/#website"},"primaryImageOfPage":{"@id":"https:\/\/www.traxco.es\/blog\/noticias-agricolas\/el-sector-primario#primaryimage"},"image":{"@id":"https:\/\/www.traxco.es\/blog\/noticias-agricolas\/el-sector-primario#primaryimage"},"thumbnailUrl":"https:\/\/www.traxco.es\/blog\/wp-content\/uploads\/2013\/03\/sector-primario.jpg","datePublished":"2013-04-08T08:07:51+00:00","dateModified":"2025-12-19T06:52:55+00:00","description":"El fortalecimiento del sector primario para responder al desarrollo de la demanda debe apoyar a los agricultores y mejorar su productividad","breadcrumb":{"@id":"https:\/\/www.traxco.es\/blog\/noticias-agricolas\/el-sector-primario#breadcrumb"},"inLanguage":"es","potentialAction":[{"@type":"ReadAction","target":["https:\/\/www.traxco.es\/blog\/noticias-agricolas\/el-sector-primario"]}]},{"@type":"ImageObject","inLanguage":"es","@id":"https:\/\/www.traxco.es\/blog\/noticias-agricolas\/el-sector-primario#primaryimage","url":"https:\/\/www.traxco.es\/blog\/wp-content\/uploads\/2013\/03\/sector-primario.jpg","contentUrl":"https:\/\/www.traxco.es\/blog\/wp-content\/uploads\/2013\/03\/sector-primario.jpg","width":300,"height":300,"caption":"sector primario"},{"@type":"BreadcrumbList","@id":"https:\/\/www.traxco.es\/blog\/noticias-agricolas\/el-sector-primario#breadcrumb","itemListElement":[{"@type":"ListItem","position":1,"name":"Inicio &gt; Blog","item":"https:\/\/www.traxco.es\/"},{"@type":"ListItem","position":2,"name":"Noticias agr\u00edcolas","item":"https:\/\/www.traxco.es\/blog\/categorias\/noticias-agricolas"},{"@type":"ListItem","position":3,"name":"Sector primario, clave para alimentar a la poblaci\u00f3n"}]},{"@type":"WebSite","@id":"https:\/\/www.traxco.es\/blog\/#website","url":"https:\/\/www.traxco.es\/blog\/","name":"El Blog de Traxco","description":"Agricultura y Riego","publisher":{"@id":"https:\/\/www.traxco.es\/blog\/#organization"},"potentialAction":[{"@type":"SearchAction","target":{"@type":"EntryPoint","urlTemplate":"https:\/\/www.traxco.es\/blog\/?s={search_term_string}"},"query-input":{"@type":"PropertyValueSpecification","valueRequired":true,"valueName":"search_term_string"}}],"inLanguage":"es"},{"@type":"Organization","@id":"https:\/\/www.traxco.es\/blog\/#organization","name":"Traxco","url":"https:\/\/www.traxco.es\/blog\/","logo":{"@type":"ImageObject","inLanguage":"es","@id":"https:\/\/www.traxco.es\/blog\/#\/schema\/logo\/image\/","url":"https:\/\/www.traxco.es\/blog\/wp-content\/uploads\/2023\/06\/cropped-traxco.png","contentUrl":"https:\/\/www.traxco.es\/blog\/wp-content\/uploads\/2023\/06\/cropped-traxco.png","width":198,"height":39,"caption":"Traxco"},"image":{"@id":"https:\/\/www.traxco.es\/blog\/#\/schema\/logo\/image\/"},"sameAs":["https:\/\/www.facebook.com\/Traxco.Riego.Pivot","https:\/\/x.com\/traxco"]},{"@type":"Person","@id":"https:\/\/www.traxco.es\/blog\/#\/schema\/person\/877b26f904e3fc5d00613ca3aab84766","name":"Cort\u00e9s","image":{"@type":"ImageObject","inLanguage":"es","@id":"https:\/\/www.traxco.es\/blog\/#\/schema\/person\/image\/","url":"https:\/\/secure.gravatar.com\/avatar\/c9d679a5d81942e5b1e70bfc7bf0e776f9fb82137dab07df03453b2223263ccc?s=96&d=mm&r=g","contentUrl":"https:\/\/secure.gravatar.com\/avatar\/c9d679a5d81942e5b1e70bfc7bf0e776f9fb82137dab07df03453b2223263ccc?s=96&d=mm&r=g","caption":"Cort\u00e9s"},"description":"Experto en riego mecanizado, con una dilatada experiencia de m\u00e1s de 50 a\u00f1os en el sector. Su paso por Agrar le aport\u00f3 un amplio bagaje en toda la cadena de producci\u00f3n agr\u00edcola, (semillas, fertilizantes, riegos, maquinaria\u2026). Pionero en la introducci\u00f3n de Pivots de riego en Espa\u00f1a a trav\u00e9s de compa\u00f1\u00edas internacionales l\u00edderes como Valmont y Lockwood. Fund\u00f3 la empresa Traxco en 1991 para dar servicio en la distribuci\u00f3n de recambios y componentes originales para todos los fabricantes de Pivot, respaldando d\u00eda a d\u00eda en la instalaci\u00f3n y mantenimiento de estos y otros equipos de riego. Comprometido en concienciar y asesorar a los dem\u00e1s profesionales del sector, difundiendo las mejores pr\u00e1cticas y productos que ayuden a incrementar la rentabilidad de las explotaciones.","sameAs":["https:\/\/www.traxco.es\/"],"url":"https:\/\/www.traxco.es\/blog\/author\/cortes"}]}},"_links":{"self":[{"href":"https:\/\/www.traxco.es\/blog\/wp-json\/wp\/v2\/posts\/14771","targetHints":{"allow":["GET"]}}],"collection":[{"href":"https:\/\/www.traxco.es\/blog\/wp-json\/wp\/v2\/posts"}],"about":[{"href":"https:\/\/www.traxco.es\/blog\/wp-json\/wp\/v2\/types\/post"}],"author":[{"embeddable":true,"href":"https:\/\/www.traxco.es\/blog\/wp-json\/wp\/v2\/users\/6"}],"replies":[{"embeddable":true,"href":"https:\/\/www.traxco.es\/blog\/wp-json\/wp\/v2\/comments?post=14771"}],"version-history":[{"count":4,"href":"https:\/\/www.traxco.es\/blog\/wp-json\/wp\/v2\/posts\/14771\/revisions"}],"predecessor-version":[{"id":58461,"href":"https:\/\/www.traxco.es\/blog\/wp-json\/wp\/v2\/posts\/14771\/revisions\/58461"}],"wp:featuredmedia":[{"embeddable":true,"href":"https:\/\/www.traxco.es\/blog\/wp-json\/wp\/v2\/media\/14777"}],"wp:attachment":[{"href":"https:\/\/www.traxco.es\/blog\/wp-json\/wp\/v2\/media?parent=14771"}],"wp:term":[{"taxonomy":"category","embeddable":true,"href":"https:\/\/www.traxco.es\/blog\/wp-json\/wp\/v2\/categories?post=14771"},{"taxonomy":"post_tag","embeddable":true,"href":"https:\/\/www.traxco.es\/blog\/wp-json\/wp\/v2\/tags?post=14771"}],"curies":[{"name":"wp","href":"https:\/\/api.w.org\/{rel}","templated":true}]}}