{"id":12286,"date":"2012-09-07T18:40:34","date_gmt":"2012-09-07T16:40:34","guid":{"rendered":"https:\/\/www.traxco.es\/blog\/?p=12286"},"modified":"2025-12-19T07:51:17","modified_gmt":"2025-12-19T06:51:17","slug":"cultivo-de-cebolla-fuentes-de-ebro","status":"publish","type":"post","link":"https:\/\/www.traxco.es\/blog\/produccion-agricola\/cultivo-de-cebolla-fuentes-de-ebro","title":{"rendered":"Cebolla Fuentes de Ebro, mejora gen\u00e9tica"},"content":{"rendered":"<p><img decoding=\"async\" class=\"alignright\" title=\"cultivo de cebolla Fuentes de Ebro\" src=\"\/blog\/wp-content\/uploads\/2012\/09\/cultivo-de-cebolla-fuentes-de-ebro.jpg\" alt=\"cebolla Fuentes de Ebro\" width=\"380\" \/><\/p>\n<p>Cada a\u00f1o se dedican en Arag\u00f3n en torno a 700 hect\u00e1reas al <strong>cultivo de cebolla<\/strong>. De ellas, 150 has se dedican a la variedad aragonesa de <em>cebolla Fuentes de Ebro<\/em> (Zaragoza), entre los r\u00edos Ginel y Ebro. Es una <strong>cebolla<\/strong> apreciada porque no pica y porque su sabor es ligeramente dulz\u00f3n. Desde el a\u00f1o 1997, este producto aut\u00f3ctono cuenta con la distinci\u00f3n C de calidad otorgada por el Gobierno de Arag\u00f3n, por su reconocida calidad y su gran reputaci\u00f3n.<\/p>\n<p>En el a\u00f1o 2010 obtuvo la normativa espec\u00edfica de Denominaci\u00f3n de Origen Protegida.<\/p>\n<p>El Centro de Transferencia Agroalimentaria (CTA) del Gobierno de Arag\u00f3n, y m\u00e1s tarde el Centro de Investigaci\u00f3n y Tecnolog\u00eda Agroalimentaria (CITA) comenzaron diversas l\u00edneas de investigaci\u00f3n. Entre los a\u00f1os 2007 y 2010, el Instituto Nacional de Investigaci\u00f3n y Tecnolog\u00eda Agraria y Alimentaria, financi\u00f3 dos proyectos nacionales de investigaci\u00f3n que ten\u00edan por objetivo la mejora gen\u00e9tica de la <strong>Cebolla Fuentes de Ebro<\/strong>.<\/p>\n<h2>Caracter\u00edsticas de la cebolla<\/h2>\n<p>La <strong>cebolla<\/strong> es una planta al\u00f3gama y bienal. Durante el primer a\u00f1o produce un bulbo como resultado de la acumulaci\u00f3n de sustancias de reserva al final de la primera temporada de crecimiento. El bulbo es el resultado del engrosamiento de la base de las hojas.<\/p>\n<p>Es durante el segundo a\u00f1o, tras un periodo de latencia del bulbo, cuando la planta emite el escapo floral. La inflorescencia de la <em>cebolla<\/em> se debe a este escapo y consiste en una umbela (compuesta por un n\u00famero variable de flores peque\u00f1as, blancas y con estr\u00edas verdes). Cada una de las flores es capaz de producir hasta seis semillas. La <a title=\"insectos polinizadores\" href=\"https:\/\/www.traxco.es\/blog\/labores-del-campo\/insectos-polinizadores\" target=\"_blank\" rel=\"noopener\">polinizaci\u00f3n<\/a> es por insectos normalmente, aunque tambi\u00e9n puede ser por viento.<\/p>\n<h2>Dise\u00f1o del programa de mejora: ciclos de selecci\u00f3n<\/h2>\n<p>La variabilidad es la \u201cmateria prima\u201d con la que se desarrolla la mejora gen\u00e9tica. En el caso de la <strong>cebolla Fuentes de Ebro<\/strong>, se parte de una variedad tradicional y se depura, obteniendo un producto dentro de los est\u00e1ndares actuales, en cuanto a forma, tama\u00f1o y nivel de picor o pungencia.<\/p>\n<h3>Selecci\u00f3n masal<\/h3>\n<p>Se realiz\u00f3 una primera selecci\u00f3n masal de los bulbos procedentes de 15 ecotipos, es decir, bulbos que reun\u00edan las caracter\u00edsticas propias de una <em>cebolla<\/em>: una baja pungencia, tama\u00f1o, firmeza y contenido en s\u00f3lidos solubles.<\/p>\n<p>Estos bulbos se cultivaron juntos para obtener las semillas, evitando que entrara polen no deseado. Se realiz\u00f3 la recolecci\u00f3n de la semilla individualmente, planta por planta, as\u00ed, familias de medio-hermanos ten\u00edan la misma madre y diferentes padres.<\/p>\n<h3>Selecci\u00f3n geneal\u00f3gica<\/h3>\n<p>Se constituyeron doce familias de medios-hermanos, que se cultivaron para abordar el segundo ciclo de selecci\u00f3n, considerando el valor de su familia o genealog\u00eda.<\/p>\n<p>Adem\u00e1s de la poblaci\u00f3n inicial, se cultivaron en dos parcelas doce familias seleccionadas, una situada en Fuentes de Ebro y la otra en el Centro de Investigaci\u00f3n y Tecnolog\u00eda Agroalimentaria de Arag\u00f3n.<\/p>\n<p>Se analizaron 20 bulbos por repetici\u00f3n, por parcela y familia, evaluando: peso, forma, contenido de puntos germinativos, contenido en s\u00f3lidos solubles, firmeza y picor o pungencia (se consideran <strong>cebollas<\/strong> suaves o de escaso picor aquellas con un valor inferior a 5,5 \u03bcmoles de \u00e1cido pir\u00favico por cada gramo de tejido fresco).<\/p>\n<p>El an\u00e1lisis de las doce familias estudiadas puso de manifiesto que todas las familias mostraban unos niveles de pungencia significativamente menores que la poblaci\u00f3n original. No se mostraron diferencias significativas en cuanto al peso, la forma, la firmeza y el n\u00famero de puntos germinativos respecto a la poblaci\u00f3n inicial. Los bulbos que se seleccionaron mostraron un menor contenido en s\u00f3lidos solubles. Los resultados tambi\u00e9n mostraban un mejor comportamiento del material vegetal, y que, aunque el conjunto de la <em>cebolla<\/em> viene determinado gen\u00e9ticamente, se puede modificar en funci\u00f3n del ambiente en el que se desarrollan las plantas.<\/p>\n<p>De entre las dos familias que presentaron un mejor comportamiento en la parcela de Fuentes de Ebro, se seleccionaron los mejores bulbos para cultivarlos y obtener las semillas. Hoy en d\u00eda, <strong>los agricultores de Fuentes de Ebro<\/strong> siguen plantando este material vegetal.<\/p>\n","protected":false},"excerpt":{"rendered":"<p>La cebolla de Fuentes de Ebro es un referente entre las hortalizas de la zona. No pica y tiene un sabor ligeramente dulz\u00f3n. Desde el a\u00f1o 97, este producto aut\u00f3ctono tiene la distinci\u00f3n &#8220;C&#8221; de calidad que otorga el Gobierno de Arag\u00f3n.<\/p>\n","protected":false},"author":6,"featured_media":12488,"comment_status":"open","ping_status":"open","sticky":false,"template":"","format":"standard","meta":{"_s2mail":"yes","footnotes":""},"categories":[32],"tags":[139,669,655,654],"class_list":["post-12286","post","type-post","status-publish","format-standard","has-post-thumbnail","hentry","category-produccion-agricola","tag-agricultores","tag-cultivo-de-cebolla","tag-flores","tag-polinizacion"],"yoast_head":"<!-- This site is optimized with the Yoast SEO plugin v26.7 - https:\/\/yoast.com\/wordpress\/plugins\/seo\/ -->\n<title>Cebolla Fuentes de Ebro - Programa para su mejora gen\u00e9tica<\/title>\n<meta name=\"description\" content=\"Arag\u00f3n dedica unas 700 Has al cultivo de cebolla Fuentes de Ebro, un referente entre las hortalizas de la zona. No pica y tiene sabor dulce\" \/>\n<meta name=\"robots\" content=\"index, follow, max-snippet:-1, max-image-preview:large, max-video-preview:-1\" \/>\n<link rel=\"canonical\" href=\"https:\/\/www.traxco.es\/blog\/produccion-agricola\/cultivo-de-cebolla-fuentes-de-ebro\" \/>\n<meta property=\"og:locale\" content=\"es_ES\" \/>\n<meta property=\"og:type\" content=\"article\" \/>\n<meta property=\"og:title\" content=\"Cebolla Fuentes de Ebro - Programa para su mejora gen\u00e9tica\" \/>\n<meta property=\"og:description\" content=\"Arag\u00f3n dedica unas 700 Has al cultivo de cebolla Fuentes de Ebro, un referente entre las hortalizas de la zona. No pica y tiene sabor dulce\" \/>\n<meta property=\"og:url\" content=\"https:\/\/www.traxco.es\/blog\/produccion-agricola\/cultivo-de-cebolla-fuentes-de-ebro\" \/>\n<meta property=\"og:site_name\" content=\"El Blog de Traxco\" \/>\n<meta property=\"article:publisher\" content=\"https:\/\/www.facebook.com\/Traxco.Riego.Pivot\" \/>\n<meta property=\"article:published_time\" content=\"2012-09-07T16:40:34+00:00\" \/>\n<meta property=\"article:modified_time\" content=\"2025-12-19T06:51:17+00:00\" \/>\n<meta property=\"og:image\" content=\"https:\/\/www.traxco.es\/blog\/wp-content\/uploads\/2012\/09\/cultivo-de-cebolla-fuentes-de-ebro.jpg\" \/>\n\t<meta property=\"og:image:width\" content=\"300\" \/>\n\t<meta property=\"og:image:height\" content=\"300\" \/>\n\t<meta property=\"og:image:type\" content=\"image\/jpeg\" \/>\n<meta name=\"author\" content=\"Cort\u00e9s\" \/>\n<meta name=\"twitter:card\" content=\"summary_large_image\" \/>\n<meta name=\"twitter:creator\" content=\"@traxco\" \/>\n<meta name=\"twitter:site\" content=\"@traxco\" \/>\n<meta name=\"twitter:label1\" content=\"Escrito por\" \/>\n\t<meta name=\"twitter:data1\" content=\"Cort\u00e9s\" \/>\n\t<meta name=\"twitter:label2\" content=\"Tiempo de lectura\" \/>\n\t<meta name=\"twitter:data2\" content=\"4 minutos\" \/>\n<!-- \/ Yoast SEO plugin. -->","yoast_head_json":{"title":"Cebolla Fuentes de Ebro - Programa para su mejora gen\u00e9tica","description":"Arag\u00f3n dedica unas 700 Has al cultivo de cebolla Fuentes de Ebro, un referente entre las hortalizas de la zona. No pica y tiene sabor dulce","robots":{"index":"index","follow":"follow","max-snippet":"max-snippet:-1","max-image-preview":"max-image-preview:large","max-video-preview":"max-video-preview:-1"},"canonical":"https:\/\/www.traxco.es\/blog\/produccion-agricola\/cultivo-de-cebolla-fuentes-de-ebro","og_locale":"es_ES","og_type":"article","og_title":"Cebolla Fuentes de Ebro - Programa para su mejora gen\u00e9tica","og_description":"Arag\u00f3n dedica unas 700 Has al cultivo de cebolla Fuentes de Ebro, un referente entre las hortalizas de la zona. No pica y tiene sabor dulce","og_url":"https:\/\/www.traxco.es\/blog\/produccion-agricola\/cultivo-de-cebolla-fuentes-de-ebro","og_site_name":"El Blog de Traxco","article_publisher":"https:\/\/www.facebook.com\/Traxco.Riego.Pivot","article_published_time":"2012-09-07T16:40:34+00:00","article_modified_time":"2025-12-19T06:51:17+00:00","og_image":[{"width":300,"height":300,"url":"https:\/\/www.traxco.es\/blog\/wp-content\/uploads\/2012\/09\/cultivo-de-cebolla-fuentes-de-ebro.jpg","type":"image\/jpeg"}],"author":"Cort\u00e9s","twitter_card":"summary_large_image","twitter_creator":"@traxco","twitter_site":"@traxco","twitter_misc":{"Escrito por":"Cort\u00e9s","Tiempo de lectura":"4 minutos"},"schema":{"@context":"https:\/\/schema.org","@graph":[{"@type":"Article","@id":"https:\/\/www.traxco.es\/blog\/produccion-agricola\/cultivo-de-cebolla-fuentes-de-ebro#article","isPartOf":{"@id":"https:\/\/www.traxco.es\/blog\/produccion-agricola\/cultivo-de-cebolla-fuentes-de-ebro"},"author":{"name":"Cort\u00e9s","@id":"https:\/\/www.traxco.es\/blog\/#\/schema\/person\/877b26f904e3fc5d00613ca3aab84766"},"headline":"Cebolla Fuentes de Ebro, mejora gen\u00e9tica","datePublished":"2012-09-07T16:40:34+00:00","dateModified":"2025-12-19T06:51:17+00:00","mainEntityOfPage":{"@id":"https:\/\/www.traxco.es\/blog\/produccion-agricola\/cultivo-de-cebolla-fuentes-de-ebro"},"wordCount":719,"commentCount":0,"publisher":{"@id":"https:\/\/www.traxco.es\/blog\/#organization"},"image":{"@id":"https:\/\/www.traxco.es\/blog\/produccion-agricola\/cultivo-de-cebolla-fuentes-de-ebro#primaryimage"},"thumbnailUrl":"https:\/\/www.traxco.es\/blog\/wp-content\/uploads\/2012\/09\/cultivo-de-cebolla-fuentes-de-ebro.jpg","keywords":["agricultores","cultivo de cebolla","flores","polinizaci\u00f3n"],"articleSection":["Producci\u00f3n agr\u00edcola"],"inLanguage":"es","potentialAction":[{"@type":"CommentAction","name":"Comment","target":["https:\/\/www.traxco.es\/blog\/produccion-agricola\/cultivo-de-cebolla-fuentes-de-ebro#respond"]}]},{"@type":"WebPage","@id":"https:\/\/www.traxco.es\/blog\/produccion-agricola\/cultivo-de-cebolla-fuentes-de-ebro","url":"https:\/\/www.traxco.es\/blog\/produccion-agricola\/cultivo-de-cebolla-fuentes-de-ebro","name":"Cebolla Fuentes de Ebro - Programa para su mejora gen\u00e9tica","isPartOf":{"@id":"https:\/\/www.traxco.es\/blog\/#website"},"primaryImageOfPage":{"@id":"https:\/\/www.traxco.es\/blog\/produccion-agricola\/cultivo-de-cebolla-fuentes-de-ebro#primaryimage"},"image":{"@id":"https:\/\/www.traxco.es\/blog\/produccion-agricola\/cultivo-de-cebolla-fuentes-de-ebro#primaryimage"},"thumbnailUrl":"https:\/\/www.traxco.es\/blog\/wp-content\/uploads\/2012\/09\/cultivo-de-cebolla-fuentes-de-ebro.jpg","datePublished":"2012-09-07T16:40:34+00:00","dateModified":"2025-12-19T06:51:17+00:00","description":"Arag\u00f3n dedica unas 700 Has al cultivo de cebolla Fuentes de Ebro, un referente entre las hortalizas de la zona. No pica y tiene sabor dulce","breadcrumb":{"@id":"https:\/\/www.traxco.es\/blog\/produccion-agricola\/cultivo-de-cebolla-fuentes-de-ebro#breadcrumb"},"inLanguage":"es","potentialAction":[{"@type":"ReadAction","target":["https:\/\/www.traxco.es\/blog\/produccion-agricola\/cultivo-de-cebolla-fuentes-de-ebro"]}]},{"@type":"ImageObject","inLanguage":"es","@id":"https:\/\/www.traxco.es\/blog\/produccion-agricola\/cultivo-de-cebolla-fuentes-de-ebro#primaryimage","url":"https:\/\/www.traxco.es\/blog\/wp-content\/uploads\/2012\/09\/cultivo-de-cebolla-fuentes-de-ebro.jpg","contentUrl":"https:\/\/www.traxco.es\/blog\/wp-content\/uploads\/2012\/09\/cultivo-de-cebolla-fuentes-de-ebro.jpg","width":300,"height":300,"caption":"cebolla Fuentes de Ebro"},{"@type":"BreadcrumbList","@id":"https:\/\/www.traxco.es\/blog\/produccion-agricola\/cultivo-de-cebolla-fuentes-de-ebro#breadcrumb","itemListElement":[{"@type":"ListItem","position":1,"name":"Inicio &gt; Blog","item":"https:\/\/www.traxco.es\/"},{"@type":"ListItem","position":2,"name":"Producci\u00f3n agr\u00edcola","item":"https:\/\/www.traxco.es\/blog\/categorias\/produccion-agricola"},{"@type":"ListItem","position":3,"name":"Cebolla Fuentes de Ebro, mejora gen\u00e9tica"}]},{"@type":"WebSite","@id":"https:\/\/www.traxco.es\/blog\/#website","url":"https:\/\/www.traxco.es\/blog\/","name":"El Blog de Traxco","description":"Agricultura y Riego","publisher":{"@id":"https:\/\/www.traxco.es\/blog\/#organization"},"potentialAction":[{"@type":"SearchAction","target":{"@type":"EntryPoint","urlTemplate":"https:\/\/www.traxco.es\/blog\/?s={search_term_string}"},"query-input":{"@type":"PropertyValueSpecification","valueRequired":true,"valueName":"search_term_string"}}],"inLanguage":"es"},{"@type":"Organization","@id":"https:\/\/www.traxco.es\/blog\/#organization","name":"Traxco","url":"https:\/\/www.traxco.es\/blog\/","logo":{"@type":"ImageObject","inLanguage":"es","@id":"https:\/\/www.traxco.es\/blog\/#\/schema\/logo\/image\/","url":"https:\/\/www.traxco.es\/blog\/wp-content\/uploads\/2023\/06\/cropped-traxco.png","contentUrl":"https:\/\/www.traxco.es\/blog\/wp-content\/uploads\/2023\/06\/cropped-traxco.png","width":198,"height":39,"caption":"Traxco"},"image":{"@id":"https:\/\/www.traxco.es\/blog\/#\/schema\/logo\/image\/"},"sameAs":["https:\/\/www.facebook.com\/Traxco.Riego.Pivot","https:\/\/x.com\/traxco"]},{"@type":"Person","@id":"https:\/\/www.traxco.es\/blog\/#\/schema\/person\/877b26f904e3fc5d00613ca3aab84766","name":"Cort\u00e9s","image":{"@type":"ImageObject","inLanguage":"es","@id":"https:\/\/www.traxco.es\/blog\/#\/schema\/person\/image\/","url":"https:\/\/secure.gravatar.com\/avatar\/c9d679a5d81942e5b1e70bfc7bf0e776f9fb82137dab07df03453b2223263ccc?s=96&d=mm&r=g","contentUrl":"https:\/\/secure.gravatar.com\/avatar\/c9d679a5d81942e5b1e70bfc7bf0e776f9fb82137dab07df03453b2223263ccc?s=96&d=mm&r=g","caption":"Cort\u00e9s"},"description":"Experto en riego mecanizado, con una dilatada experiencia de m\u00e1s de 50 a\u00f1os en el sector. Su paso por Agrar le aport\u00f3 un amplio bagaje en toda la cadena de producci\u00f3n agr\u00edcola, (semillas, fertilizantes, riegos, maquinaria\u2026). Pionero en la introducci\u00f3n de Pivots de riego en Espa\u00f1a a trav\u00e9s de compa\u00f1\u00edas internacionales l\u00edderes como Valmont y Lockwood. Fund\u00f3 la empresa Traxco en 1991 para dar servicio en la distribuci\u00f3n de recambios y componentes originales para todos los fabricantes de Pivot, respaldando d\u00eda a d\u00eda en la instalaci\u00f3n y mantenimiento de estos y otros equipos de riego. Comprometido en concienciar y asesorar a los dem\u00e1s profesionales del sector, difundiendo las mejores pr\u00e1cticas y productos que ayuden a incrementar la rentabilidad de las explotaciones.","sameAs":["https:\/\/www.traxco.es\/"],"url":"https:\/\/www.traxco.es\/blog\/author\/cortes"}]}},"_links":{"self":[{"href":"https:\/\/www.traxco.es\/blog\/wp-json\/wp\/v2\/posts\/12286","targetHints":{"allow":["GET"]}}],"collection":[{"href":"https:\/\/www.traxco.es\/blog\/wp-json\/wp\/v2\/posts"}],"about":[{"href":"https:\/\/www.traxco.es\/blog\/wp-json\/wp\/v2\/types\/post"}],"author":[{"embeddable":true,"href":"https:\/\/www.traxco.es\/blog\/wp-json\/wp\/v2\/users\/6"}],"replies":[{"embeddable":true,"href":"https:\/\/www.traxco.es\/blog\/wp-json\/wp\/v2\/comments?post=12286"}],"version-history":[{"count":3,"href":"https:\/\/www.traxco.es\/blog\/wp-json\/wp\/v2\/posts\/12286\/revisions"}],"predecessor-version":[{"id":58816,"href":"https:\/\/www.traxco.es\/blog\/wp-json\/wp\/v2\/posts\/12286\/revisions\/58816"}],"wp:featuredmedia":[{"embeddable":true,"href":"https:\/\/www.traxco.es\/blog\/wp-json\/wp\/v2\/media\/12488"}],"wp:attachment":[{"href":"https:\/\/www.traxco.es\/blog\/wp-json\/wp\/v2\/media?parent=12286"}],"wp:term":[{"taxonomy":"category","embeddable":true,"href":"https:\/\/www.traxco.es\/blog\/wp-json\/wp\/v2\/categories?post=12286"},{"taxonomy":"post_tag","embeddable":true,"href":"https:\/\/www.traxco.es\/blog\/wp-json\/wp\/v2\/tags?post=12286"}],"curies":[{"name":"wp","href":"https:\/\/api.w.org\/{rel}","templated":true}]}}